{"id":16798,"date":"2020-12-09T12:51:53","date_gmt":"2020-12-09T12:51:53","guid":{"rendered":"https:\/\/www.radiopresidenteibanez.cl\/web\/?p=16798"},"modified":"2020-12-09T12:52:00","modified_gmt":"2020-12-09T12:52:00","slug":"municipio-de-punta-arenas-inicio-entrega-de-regalos-para-ninas-y-ninos-de-la-comuna","status":"publish","type":"post","link":"https:\/\/www.radiopresidenteibanez.cl\/web\/municipio-de-punta-arenas-inicio-entrega-de-regalos-para-ninas-y-ninos-de-la-comuna\/","title":{"rendered":"MUNICIPIO DE PUNTA ARENAS INICI\u00d3 ENTREGA DE REGALOS PARA NI\u00d1AS Y NI\u00d1OS DE LA COMUNA"},"content":{"rendered":"\n<p>Este martes, 8 de diciembre, comenz\u00f3 la entrega de regalos\npor parte del Municipio local, para 5.725 ni\u00f1as y ni\u00f1os de Punta Arenas, que\nfueron inscritos para recibir un presente de parte del Viejito Pascuero.<\/p>\n\n\n\n<p>La entrega se inici\u00f3 en la escuela Elba Ojeda G\u00f3mez de R\u00edo\nSeco, donde ni\u00f1as y ni\u00f1os de los sectores de R\u00edo Seco, Barranco Amarillo, Loteo\nVrsalovic y Ojo Bueno pudieron retirar sus presentes enviados por el Viejito\nPascuero.<\/p>\n\n\n\n<p>\u201cHa sido un a\u00f1o muy complejo que gener\u00f3 una nueva forma de\npoder inscribirse. Antes eran las juntas de vecinos, ahora lo hicimos por los\ndistritos, v\u00eda internet y fue todo un \u00e9xito, ya que duplicamos la cantidad de\nni\u00f1os inscritos. Hubo muchas familias que por primera vez se inscrib\u00edan y ahora\nvan a poder contar con su regalo para sus ni\u00f1os, aumentando tambi\u00e9n por parte\nde la Municipalidad hasta los diez a\u00f1os estos regalos\u201d, indic\u00f3 el alcalde de\nPunta Arenas, Claudio Radonich, agregando que este martes se entregaron cerca\nde 400 regalos para el sector de R\u00edo Seco y alrededores.<\/p>\n\n\n\n<p>La iniciativa fue bien recibida por los vecinos y vecinas\nbeneficiadas. \u201cMe parece bien porque los ni\u00f1os no tienen la culpa\u201d, indic\u00f3\nCristina, una de las asistentes a la escuela de R\u00edo Seco, quien indic\u00f3 que el\nproceso de inscripci\u00f3n no se le dificult\u00f3 y fue bastante r\u00e1pido.<\/p>\n\n\n\n<p>Por su parte, Nicole S\u00e1ez, madre de 2 ni\u00f1os de 2 y 4 a\u00f1os,\nse\u00f1al\u00f3 que \u201cme parece genial. Yo feliz porque los chicos est\u00e1n s\u00faper estresados\nen la casa\u201d.<\/p>\n\n\n\n<p>El retiro de regalos contin\u00faa este mi\u00e9rcoles (9 de\ndiciembre), en la escuela Portugal de Punta Arenas. Los asistentes, que pueden\nser los padres o un adulto responsable, deben llevar el carnet de identidad\npropio y de los ni\u00f1os inscritos.<\/p>\n\n\n\n<p>El calendario es el siguiente:<\/p>\n\n\n\n<p>El mi\u00e9rcoles 9 de diciembre, se llevar\u00e1 a cabo la entrega de\nregalos para ni\u00f1as y ni\u00f1os inscritos en los distritos 1 (9 a 12.30 horas) y 2\n(14.30 a 17 horas).<\/p>\n\n\n\n<p>El jueves 10 de diciembre, corresponder\u00e1 el turno de los\npeque\u00f1os inscritos en los distritos 3 (9 a 12.30 horas) y 4 (14.30 a 17 horas).<\/p>\n\n\n\n<p>El viernes 11 de diciembre es el turno de los distritos 5 (9\na 12.30 horas) y 6 (14.30 a 17 horas).<\/p>\n\n\n\n<p>El lunes 14 de diciembre, corresponde a los distritos 7 (9 a\n12.30 horas) y 8 (14.30 a 17 horas).<\/p>\n\n\n\n<p>Finalmente, el martes 15 de diciembre, se entregar\u00e1n los\nregalos a ni\u00f1as y ni\u00f1os de los distritos 9 (9 a 12.30 horas) y 10 (14.30 a 17\nhoras).<\/p>\n","protected":false},"excerpt":{"rendered":"<p>Este martes, 8 de diciembre, comenz\u00f3 la entrega de regalos por parte del Municipio local, para 5.725 ni\u00f1as y ni\u00f1os de Punta Arenas, que fueron inscritos para recibir un presente&#8230; <a class=\"read-more\" href=\"https:\/\/www.radiopresidenteibanez.cl\/web\/municipio-de-punta-arenas-inicio-entrega-de-regalos-para-ninas-y-ninos-de-la-comuna\/\">Leer m\u00e1s<\/a><\/p>\n","protected":false},"author":2,"featured_media":16799,"comment_status":"closed","ping_status":"closed","sticky":false,"template":"","format":"standard","meta":{"footnotes":""},"categories":[1],"tags":[],"class_list":["post-16798","post","type-post","status-publish","format-standard","has-post-thumbnail","hentry","category-cronica"],"_links":{"self":[{"href":"https:\/\/www.radiopresidenteibanez.cl\/web\/wp-json\/wp\/v2\/posts\/16798","targetHints":{"allow":["GET"]}}],"collection":[{"href":"https:\/\/www.radiopresidenteibanez.cl\/web\/wp-json\/wp\/v2\/posts"}],"about":[{"href":"https:\/\/www.radiopresidenteibanez.cl\/web\/wp-json\/wp\/v2\/types\/post"}],"author":[{"embeddable":true,"href":"https:\/\/www.radiopresidenteibanez.cl\/web\/wp-json\/wp\/v2\/users\/2"}],"replies":[{"embeddable":true,"href":"https:\/\/www.radiopresidenteibanez.cl\/web\/wp-json\/wp\/v2\/comments?post=16798"}],"version-history":[{"count":0,"href":"https:\/\/www.radiopresidenteibanez.cl\/web\/wp-json\/wp\/v2\/posts\/16798\/revisions"}],"wp:featuredmedia":[{"embeddable":true,"href":"https:\/\/www.radiopresidenteibanez.cl\/web\/wp-json\/wp\/v2\/media\/16799"}],"wp:attachment":[{"href":"https:\/\/www.radiopresidenteibanez.cl\/web\/wp-json\/wp\/v2\/media?parent=16798"}],"wp:term":[{"taxonomy":"category","embeddable":true,"href":"https:\/\/www.radiopresidenteibanez.cl\/web\/wp-json\/wp\/v2\/categories?post=16798"},{"taxonomy":"post_tag","embeddable":true,"href":"https:\/\/www.radiopresidenteibanez.cl\/web\/wp-json\/wp\/v2\/tags?post=16798"}],"curies":[{"name":"wp","href":"https:\/\/api.w.org\/{rel}","templated":true}]}}