{"id":16793,"date":"2020-12-09T02:30:00","date_gmt":"2020-12-09T02:30:00","guid":{"rendered":"https:\/\/www.radiopresidenteibanez.cl\/web\/?p=16793"},"modified":"2020-12-08T17:19:24","modified_gmt":"2020-12-08T17:19:24","slug":"core-aprobo-recursos-para-diseno-de-sistema-de-recoleccion-de-aguas-servidas-en-sector-sur-de-punta-arenas","status":"publish","type":"post","link":"https:\/\/www.radiopresidenteibanez.cl\/web\/core-aprobo-recursos-para-diseno-de-sistema-de-recoleccion-de-aguas-servidas-en-sector-sur-de-punta-arenas\/","title":{"rendered":"CORE APROB\u00d3 RECURSOS PARA DISE\u00d1O DE SISTEMA DE RECOLECCI\u00d3N DE AGUAS SERVIDAS EN SECTOR SUR DE PUNTA ARENAS"},"content":{"rendered":"\n<p>Por unanimidad el Consejo\nRegional de Magallanes y de la Ant\u00e1rtica Chilena, aprob\u00f3 este lunes 361\nmillones 827 mil pesos para la etapa de dise\u00f1o del proyecto \u201cConstrucci\u00f3n de Sistema\nde Recolecci\u00f3n de Aguas Servidas en el sector Sur de Punta Arenas\u201d. La\niniciativa ser\u00e1 cofinanciada con recursos de la Provisi\u00f3n de Saneamiento\nSanitario de la Subsecretaria de Desarrollo Regional.<\/p>\n\n\n\n<p>Seg\u00fan lo informado en el\ntrabajo de comisiones, el objetivo es integrar el \u00e1rea sur de la Ruta 9 hasta\nel sector Le\u00f1adura a la red existente de aguas servidas ya que actualmente la\nmayor\u00eda de las viviendas cuenta con soluciones particulares compuestas\nprincipalmente por fosas s\u00e9pticas y drenajes y se estima que al menos un 85% no\ntiene sus soluciones regularizadas en el departamento de acci\u00f3n sanitaria de la\nseremi de Salud.<\/p>\n\n\n\n<p>En cuanto a la consultor\u00eda de\ndise\u00f1o, esta deber\u00e1 incluir todos los estudios, informaci\u00f3n y gestiones para la\nposterior ejecuci\u00f3n. Entre los requerimientos espec\u00edficos se encuentran un estudio\ntopogr\u00e1fico, estudio geot\u00e9cnico, estudio hidrol\u00f3gico e hidr\u00e1ulico, estudio de\nterrenos y ejes viales, catastro de beneficiarios, an\u00e1lisis y evaluaci\u00f3n social\nde alternativas, proyecto de paralelismo y atraviesos, proyecto de atravieso de\ncauce e ingenier\u00eda de detalles.<\/p>\n\n\n\n<p>Seg\u00fan coment\u00f3 el presidente\ndel CORE, Tolentino Soto, \u201cesta iniciativa responde&nbsp; un anhelo de larga data de los habitantes del\nsector sur y me alegra que hoy se concrete el dise\u00f1o para dar respuesta a una\nurgente necesidad. Debemos recordar que all\u00ed se proyecta la construcci\u00f3n de\nnuevas viviendas sociales, por eso mostramos gran inter\u00e9s y hubo unanimidad\npara subirlo al pleno, v\u00eda solicitud del presidente del Consejo Regional\u201d. <\/p>\n\n\n\n<p>Asimismo el presidente de la\ncomisi\u00f3n Presupuesto, Ram\u00f3n Lobos, destac\u00f3 que con este proyecto se lograr\u00e1\nintegrar el sector sur de la ciudad al sistema de evacuaci\u00f3n y manejo de las\naguas servidas \u201ces el \u00e1rea que va quedando pendiente en el Punta Arenas urbano.\nEra necesario aprobarlo y presentarlo hoy para tener a la brevedad el dise\u00f1o y comenzar\ncon la ejecuci\u00f3n dado el impacto que tendr\u00e1. Solicitamos tener presente\nsalvedades como &nbsp;que se logre coordinar\nel trabajo de las distintas \u00e1reas del Estado con los desarrollos inmobiliarios\nque all\u00ed se proyectan y no olvidar la importancia de la participaci\u00f3n ciudadana\nen cada una de las etapas\u201d, detall\u00f3 el consejero Lobos. <\/p>\n","protected":false},"excerpt":{"rendered":"<p>Por unanimidad el Consejo Regional de Magallanes y de la Ant\u00e1rtica Chilena, aprob\u00f3 este lunes 361 millones 827 mil pesos para la etapa de dise\u00f1o del proyecto \u201cConstrucci\u00f3n de Sistema&#8230; <a class=\"read-more\" href=\"https:\/\/www.radiopresidenteibanez.cl\/web\/core-aprobo-recursos-para-diseno-de-sistema-de-recoleccion-de-aguas-servidas-en-sector-sur-de-punta-arenas\/\">Leer m\u00e1s<\/a><\/p>\n","protected":false},"author":2,"featured_media":16794,"comment_status":"closed","ping_status":"closed","sticky":false,"template":"","format":"standard","meta":{"footnotes":""},"categories":[1],"tags":[],"class_list":["post-16793","post","type-post","status-publish","format-standard","has-post-thumbnail","hentry","category-cronica"],"_links":{"self":[{"href":"https:\/\/www.radiopresidenteibanez.cl\/web\/wp-json\/wp\/v2\/posts\/16793","targetHints":{"allow":["GET"]}}],"collection":[{"href":"https:\/\/www.radiopresidenteibanez.cl\/web\/wp-json\/wp\/v2\/posts"}],"about":[{"href":"https:\/\/www.radiopresidenteibanez.cl\/web\/wp-json\/wp\/v2\/types\/post"}],"author":[{"embeddable":true,"href":"https:\/\/www.radiopresidenteibanez.cl\/web\/wp-json\/wp\/v2\/users\/2"}],"replies":[{"embeddable":true,"href":"https:\/\/www.radiopresidenteibanez.cl\/web\/wp-json\/wp\/v2\/comments?post=16793"}],"version-history":[{"count":0,"href":"https:\/\/www.radiopresidenteibanez.cl\/web\/wp-json\/wp\/v2\/posts\/16793\/revisions"}],"wp:featuredmedia":[{"embeddable":true,"href":"https:\/\/www.radiopresidenteibanez.cl\/web\/wp-json\/wp\/v2\/media\/16794"}],"wp:attachment":[{"href":"https:\/\/www.radiopresidenteibanez.cl\/web\/wp-json\/wp\/v2\/media?parent=16793"}],"wp:term":[{"taxonomy":"category","embeddable":true,"href":"https:\/\/www.radiopresidenteibanez.cl\/web\/wp-json\/wp\/v2\/categories?post=16793"},{"taxonomy":"post_tag","embeddable":true,"href":"https:\/\/www.radiopresidenteibanez.cl\/web\/wp-json\/wp\/v2\/tags?post=16793"}],"curies":[{"name":"wp","href":"https:\/\/api.w.org\/{rel}","templated":true}]}}