{"id":16790,"date":"2020-12-09T02:15:00","date_gmt":"2020-12-09T02:15:00","guid":{"rendered":"https:\/\/www.radiopresidenteibanez.cl\/web\/?p=16790"},"modified":"2020-12-08T17:17:28","modified_gmt":"2020-12-08T17:17:28","slug":"unidad-de-medio-ambiente-y-sag-analizan-situacion-de-cipreses-de-puerto-natales","status":"publish","type":"post","link":"https:\/\/www.radiopresidenteibanez.cl\/web\/unidad-de-medio-ambiente-y-sag-analizan-situacion-de-cipreses-de-puerto-natales\/","title":{"rendered":"UNIDAD DE MEDIO AMBIENTE Y SAG ANALIZAN SITUACI\u00d3N DE CIPRESES DE PUERTO NATALES"},"content":{"rendered":"\n<p><strong>Con el fin de aplicar oportunamente medidas de control frente a la\neventual presencia de plagas forestales<\/strong>, evitando su\nestablecimiento o bien minimizando sus efectos negativos, la Unidad de Medio Ambiente\nde la Ilustre Municipalidad de Natales en conjunto con el Servicio Agr\u00edcola\nGanadero de \u00daltima Esperanza, realizaron una prospecci\u00f3n sanitaria a los\ncipreses y arbolado urbano, ubicados en la plaza de armas de la capital\nprovincial.<\/p>\n\n\n\n<p>Tras la prospecci\u00f3n\nrealizada, se coordin\u00f3 una reuni\u00f3n multisectorial p\u00fablico-privada, que permiti\u00f3\ntrasmitir, tanto a vecinos como a la autoridad comunal y otros organismos\ncompetentes en la materia, que si bien los da\u00f1os corresponden al efecto de la\nplaga <em>Cinara cupressi<\/em>, estos habr\u00edan\nsido ocasionados en temporadas anteriores, ya que al momento de la inspecci\u00f3n\nno se encontraron evidencias de actividad actual como presencia de larvas o del\ninsecto. As\u00ed mismo, se entregaron recomendaciones para un correcto riego, poda\ny fertilizaci\u00f3n de la especie, en distintas estaciones del a\u00f1o, como tambi\u00e9n se\nindic\u00f3 que se estudiar\u00e1 la distribuci\u00f3n actual de la plaga.<\/p>\n\n\n\n<p>En ese\ncontexto, la encargada de la Unidad de Medio Ambiente, Fabiola Vigar, se\u00f1al\u00f3\nque \u201cse estableci\u00f3 que SAG realizar\u00e1 un diagn\u00f3stico de cada situaci\u00f3n, en el\ncaso de nosotros es la plaga, es por esto que nos van a dar recomendaciones\npara aplicar el control vigorizante foliar y poder fortalecer el arbolado de la\nciudad\u201d. <\/p>\n\n\n\n<p>Adem\u00e1s, Vigar,\nentreg\u00f3 algunas recomendaciones en caso de constatar la presencia del pulg\u00f3n de\ncipr\u00e9s, \u201csiempre hay que hacer una denuncia fitosanitaria. Se tienen que\ndirigir directamente a la oficina, llamar por tel\u00e9fono o a trav\u00e9s de la p\u00e1gina\ndel Servicio Agr\u00edcola Ganadero. Ellos son los que dan las recomendaciones\nt\u00e9cnicas para hacer el control de este <em>Cinara\ncupressi<\/em>\u201d.<\/p>\n\n\n\n<p>Alejandro\nCanales Helmer, jefe de la oficina provincial de SAG \u00daltima Esperanza confirm\u00f3\nque \u201csi bien durante la visita de prospecci\u00f3n fitosanitaria no se detect\u00f3 la\npresencia de insectos u otras plagas, la sintomatolog\u00eda observada, o necrosis\nfoliar, que presentan los cipreses, corresponder\u00eda a da\u00f1os de temporadas\nanteriores provocada por este pulg\u00f3n\u201d.<\/p>\n\n\n\n<p>\u201cLa <em>Cinara cupressi<\/em>, es considerada una de\nlas plagas invasoras m\u00e1s importantes del mundo y en Chile se encuentra presente\nen todo el territorio continental nacional, afectando tanto a especies\nforestales nativas, como tambi\u00e9n a especies ex\u00f3ticas que se utilizan\nornamentalmente en el \u00e1rea urbana. Es por ello, que en este trabajo\nmultisectorial, donde adem\u00e1s de SAG y el municipio, particip\u00f3 CONAF, se busc\u00f3\naunar criterios tendientes a potenciar el uso de controladores biol\u00f3gicos, como\nlas chinitas, que son predadoras de los pulgones, y optimizar el manejo del\narbolado que se hace en la ciudad, descart\u00e1ndose el uso de control qu\u00edmico\u201d, puntualiz\u00f3\nCanales.<\/p>\n\n\n\n<p>Durante las\npr\u00f3ximas semanas la municipalidad realizar\u00e1 un estudio del suelo en la plaza de\narmas para determinar otros factores que influyan en la presencia del pulg\u00f3n\ndel cipr\u00e9s. <\/p>\n","protected":false},"excerpt":{"rendered":"<p>Con el fin de aplicar oportunamente medidas de control frente a la eventual presencia de plagas forestales, evitando su establecimiento o bien minimizando sus efectos negativos, la Unidad de Medio&#8230; <a class=\"read-more\" href=\"https:\/\/www.radiopresidenteibanez.cl\/web\/unidad-de-medio-ambiente-y-sag-analizan-situacion-de-cipreses-de-puerto-natales\/\">Leer m\u00e1s<\/a><\/p>\n","protected":false},"author":2,"featured_media":16791,"comment_status":"closed","ping_status":"closed","sticky":false,"template":"","format":"standard","meta":{"footnotes":""},"categories":[1],"tags":[],"class_list":["post-16790","post","type-post","status-publish","format-standard","has-post-thumbnail","hentry","category-cronica"],"_links":{"self":[{"href":"https:\/\/www.radiopresidenteibanez.cl\/web\/wp-json\/wp\/v2\/posts\/16790","targetHints":{"allow":["GET"]}}],"collection":[{"href":"https:\/\/www.radiopresidenteibanez.cl\/web\/wp-json\/wp\/v2\/posts"}],"about":[{"href":"https:\/\/www.radiopresidenteibanez.cl\/web\/wp-json\/wp\/v2\/types\/post"}],"author":[{"embeddable":true,"href":"https:\/\/www.radiopresidenteibanez.cl\/web\/wp-json\/wp\/v2\/users\/2"}],"replies":[{"embeddable":true,"href":"https:\/\/www.radiopresidenteibanez.cl\/web\/wp-json\/wp\/v2\/comments?post=16790"}],"version-history":[{"count":0,"href":"https:\/\/www.radiopresidenteibanez.cl\/web\/wp-json\/wp\/v2\/posts\/16790\/revisions"}],"wp:featuredmedia":[{"embeddable":true,"href":"https:\/\/www.radiopresidenteibanez.cl\/web\/wp-json\/wp\/v2\/media\/16791"}],"wp:attachment":[{"href":"https:\/\/www.radiopresidenteibanez.cl\/web\/wp-json\/wp\/v2\/media?parent=16790"}],"wp:term":[{"taxonomy":"category","embeddable":true,"href":"https:\/\/www.radiopresidenteibanez.cl\/web\/wp-json\/wp\/v2\/categories?post=16790"},{"taxonomy":"post_tag","embeddable":true,"href":"https:\/\/www.radiopresidenteibanez.cl\/web\/wp-json\/wp\/v2\/tags?post=16790"}],"curies":[{"name":"wp","href":"https:\/\/api.w.org\/{rel}","templated":true}]}}