{"id":16787,"date":"2020-12-09T02:00:00","date_gmt":"2020-12-09T02:00:00","guid":{"rendered":"https:\/\/www.radiopresidenteibanez.cl\/web\/?p=16787"},"modified":"2020-12-08T17:14:09","modified_gmt":"2020-12-08T17:14:09","slug":"concejal-soler-municipalidad-pinta-frontis-del-edificio-de-colon-con-bories-cuanto-durara-sin-rayados","status":"publish","type":"post","link":"https:\/\/www.radiopresidenteibanez.cl\/web\/concejal-soler-municipalidad-pinta-frontis-del-edificio-de-colon-con-bories-cuanto-durara-sin-rayados\/","title":{"rendered":"CONCEJAL SOLER \u00abMUNICIPALIDAD PINTA FRONTIS DEL EDIFICIO DE COLON CON BORIES: \u00bfCUANTO DURARA SIN RAYADOS?\u00bb"},"content":{"rendered":"\n<p>El Concejal Alejandro Soler Guti\u00e9rrez, destaca que dentro del proyecto \u201cRevitalizaci\u00f3n Zona C\u00e9ntrica Comercial, Turismo, y Servicios\u201d la Municipalidad de Punta Arenas&nbsp;&nbsp;pinto el frontis del primer piso del Edificio Municipal ubicado en la esquina de calle Bories con Avenida Colon de nuestras Ciudad, cuya fachada se encontraba completamente rayada.&nbsp;&nbsp;<\/p>\n\n\n\n<p>La reparaci\u00f3n de la fachada del edificio, que implico la pintura del frontis y la colocaci\u00f3n de latas en las ventanas para la protecci\u00f3n de vidrios, significa recuperar el Patrimonio Cultural de la ciudad, y en definitiva mejorar la calidad de vida de todos los vecinos.&nbsp;<\/p>\n\n\n\n<p>Ante esta mejora, la pregunta que surge es: \u00bfCu\u00e1nto tiempo permanecer\u00e1 la fachada del Edificio sin ser nuevamente rayada?, por ello, el Concejal Soler llama a cuidar nuestra ciudad, y no permitir se da\u00f1e y destruya nuestro Patrimonio.&nbsp;&nbsp;<\/p>\n\n\n\n<p>Por \u00faltimo, ante la pandemia el Concejal Soler no puede dejar de reiterar:&nbsp;Vecino, cu\u00eddese, cuide a su familia, cuide a los otros vecinos, use su mascarilla, cumpla y fiscalice la ordenanza de uso de mascarillas.&nbsp;<\/p>\n","protected":false},"excerpt":{"rendered":"<p>El Concejal Alejandro Soler Guti\u00e9rrez, destaca que dentro del proyecto \u201cRevitalizaci\u00f3n Zona C\u00e9ntrica Comercial, Turismo, y Servicios\u201d la Municipalidad de Punta Arenas&nbsp;&nbsp;pinto el frontis del primer piso del Edificio Municipal&#8230; <a class=\"read-more\" href=\"https:\/\/www.radiopresidenteibanez.cl\/web\/concejal-soler-municipalidad-pinta-frontis-del-edificio-de-colon-con-bories-cuanto-durara-sin-rayados\/\">Leer m\u00e1s<\/a><\/p>\n","protected":false},"author":2,"featured_media":16788,"comment_status":"closed","ping_status":"closed","sticky":false,"template":"","format":"standard","meta":{"footnotes":""},"categories":[1],"tags":[],"class_list":["post-16787","post","type-post","status-publish","format-standard","has-post-thumbnail","hentry","category-cronica"],"_links":{"self":[{"href":"https:\/\/www.radiopresidenteibanez.cl\/web\/wp-json\/wp\/v2\/posts\/16787","targetHints":{"allow":["GET"]}}],"collection":[{"href":"https:\/\/www.radiopresidenteibanez.cl\/web\/wp-json\/wp\/v2\/posts"}],"about":[{"href":"https:\/\/www.radiopresidenteibanez.cl\/web\/wp-json\/wp\/v2\/types\/post"}],"author":[{"embeddable":true,"href":"https:\/\/www.radiopresidenteibanez.cl\/web\/wp-json\/wp\/v2\/users\/2"}],"replies":[{"embeddable":true,"href":"https:\/\/www.radiopresidenteibanez.cl\/web\/wp-json\/wp\/v2\/comments?post=16787"}],"version-history":[{"count":0,"href":"https:\/\/www.radiopresidenteibanez.cl\/web\/wp-json\/wp\/v2\/posts\/16787\/revisions"}],"wp:featuredmedia":[{"embeddable":true,"href":"https:\/\/www.radiopresidenteibanez.cl\/web\/wp-json\/wp\/v2\/media\/16788"}],"wp:attachment":[{"href":"https:\/\/www.radiopresidenteibanez.cl\/web\/wp-json\/wp\/v2\/media?parent=16787"}],"wp:term":[{"taxonomy":"category","embeddable":true,"href":"https:\/\/www.radiopresidenteibanez.cl\/web\/wp-json\/wp\/v2\/categories?post=16787"},{"taxonomy":"post_tag","embeddable":true,"href":"https:\/\/www.radiopresidenteibanez.cl\/web\/wp-json\/wp\/v2\/tags?post=16787"}],"curies":[{"name":"wp","href":"https:\/\/api.w.org\/{rel}","templated":true}]}}