{"id":16784,"date":"2020-12-08T04:45:00","date_gmt":"2020-12-08T04:45:00","guid":{"rendered":"https:\/\/www.radiopresidenteibanez.cl\/web\/?p=16784"},"modified":"2020-12-07T23:44:00","modified_gmt":"2020-12-07T23:44:00","slug":"ante-brote-comunitario-en-puerto-williams-seremi-de-salud-refuerza-estrategia-para-contener-diseminacion-viral","status":"publish","type":"post","link":"https:\/\/www.radiopresidenteibanez.cl\/web\/ante-brote-comunitario-en-puerto-williams-seremi-de-salud-refuerza-estrategia-para-contener-diseminacion-viral\/","title":{"rendered":"ANTE BROTE COMUNITARIO EN PUERTO WILLIAMS, SEREMI DE SALUD REFUERZA ESTRATEGIA PARA CONTENER DISEMINACI\u00d3N VIRAL"},"content":{"rendered":"\n<p>El Ministerio de Salud\nanunci\u00f3 el retroceso a Fase 1 del Plan Paso a Paso en la comuna de Cabo de\nHornos debido a un brote comunitario que aument\u00f3 a 59 el n\u00famero de casos\nactivos en Puerto Williams. Ante dicha situaci\u00f3n la Autoridad Sanitaria de\nMagallanes envi\u00f3&nbsp;&nbsp; un equipo de\nprofesionales de Estudio de Brotes, Salud P\u00fablica, Acci\u00f3n Sanitaria para\nreforzar trabajo local y poder a trav\u00e9s de estudio epidemiol\u00f3gico en terreno,\nrealizar acciones tendientes a contener eficazmente el aumento de circulaci\u00f3n\nviral. <\/p>\n\n\n\n<p>Al respecto, en su reporte\ndiario, el Seremi de Salud (s) Eduardo Castillo se\u00f1al\u00f3 que: \u201cA primera hora de\nesta ma\u00f1ana se trasladaron v\u00eda \u00e1rea un equipo multidisciplinario de la SEREMI\nde Salud que trabajar\u00e1 mancomunadamente con las autoridades locales para\nabordar este brote y contenerlo con el fin de evitar que un mayor sector de la\npoblaci\u00f3n se contagie. Paralelamente se ha dispuesto para esta provincia 500\nkits para la toma de PCR para realizar una b\u00fasqueda activa de casos (BAC),\noperativos que se desarrollar\u00e1n esta semana en esta comuna\u201d.<\/p>\n\n\n\n<p>El objetivo de la b\u00fasqueda\nactiva de casos es poder detectar a pacientes asintom\u00e1ticos y as\u00ed cortar\noportunamente la cadena de transmisi\u00f3n. En tanto, se realiz\u00f3 el llamado a\nacudir al Hospital Comunitario Cristina Calder\u00f3n a todas las personas que\ntengan s\u00edntomas asociados a coronavirus, a realizarse examen PCR para poder\niniciar r\u00e1pidamente su aislamiento y el estudio de sus contactos estrechos. \u201cDe\nesta forma, haremos una amplia b\u00fasqueda para detectar y aislar m\u00e1s r\u00e1pidamente,\ncontener este brote y controlarlo\u201d, a\u00f1adi\u00f3 la Autoridad Sanitaria. <\/p>\n\n\n\n<p><strong>Fase 1 Cuarentena <\/strong><\/p>\n\n\n\n<p>En esta etapa se establece\nque la comunidad debe quedarse en casa, y solo se puede salir a hacer compras o\ntr\u00e1mites puntuales y esenciales con un permiso individual que se obtiene en\nwww.comisariavirtual.cl. Las personas pueden ir a trabajar si es que laboran en\nalg\u00fan servicio esencial, y&nbsp; si se cuenta\ncon&nbsp; un permiso de desplazamiento\ncolectivo o un permiso \u00fanico colectivo. <\/p>\n\n\n\n<p>Pueden funcionar en Cabo de\nHornos las farmacias, supermercados y otros lugares de abastecimiento de\nalimentos y productos b\u00e1sicos, centros de salud y establecimientos de servicio\np\u00fablico, cumpliendo con los protocolos establecidos. <\/p>\n\n\n\n<p>Cada vez que se sale, con la\ndebida autorizaci\u00f3n, se debe usar mascarilla, mantener la distancia f\u00edsica y recordar\nmedidas como lavado de manos o uso de alcohol gel. \u201d Lo que tenemos que\ncomprender que en este mundo globalizado, ning\u00fan pa\u00eds o regi\u00f3n puede estar\nexento a que un virus como el Covid llegue y as\u00ed se ha demostrado en esta Pandemia.\nLo importante es internalizar que debemos aprender a vivir en un modo Covid-19,\nteniendo siempre presente y cumpliendo las medidas preventivas\u201d, agreg\u00f3 el\nSeremi (s) Eduardo Castillo. <\/p>\n","protected":false},"excerpt":{"rendered":"<p>El Ministerio de Salud anunci\u00f3 el retroceso a Fase 1 del Plan Paso a Paso en la comuna de Cabo de Hornos debido a un brote comunitario que aument\u00f3 a&#8230; <a class=\"read-more\" href=\"https:\/\/www.radiopresidenteibanez.cl\/web\/ante-brote-comunitario-en-puerto-williams-seremi-de-salud-refuerza-estrategia-para-contener-diseminacion-viral\/\">Leer m\u00e1s<\/a><\/p>\n","protected":false},"author":2,"featured_media":16785,"comment_status":"closed","ping_status":"closed","sticky":false,"template":"","format":"standard","meta":{"footnotes":""},"categories":[1],"tags":[],"class_list":["post-16784","post","type-post","status-publish","format-standard","has-post-thumbnail","hentry","category-cronica"],"_links":{"self":[{"href":"https:\/\/www.radiopresidenteibanez.cl\/web\/wp-json\/wp\/v2\/posts\/16784","targetHints":{"allow":["GET"]}}],"collection":[{"href":"https:\/\/www.radiopresidenteibanez.cl\/web\/wp-json\/wp\/v2\/posts"}],"about":[{"href":"https:\/\/www.radiopresidenteibanez.cl\/web\/wp-json\/wp\/v2\/types\/post"}],"author":[{"embeddable":true,"href":"https:\/\/www.radiopresidenteibanez.cl\/web\/wp-json\/wp\/v2\/users\/2"}],"replies":[{"embeddable":true,"href":"https:\/\/www.radiopresidenteibanez.cl\/web\/wp-json\/wp\/v2\/comments?post=16784"}],"version-history":[{"count":0,"href":"https:\/\/www.radiopresidenteibanez.cl\/web\/wp-json\/wp\/v2\/posts\/16784\/revisions"}],"wp:featuredmedia":[{"embeddable":true,"href":"https:\/\/www.radiopresidenteibanez.cl\/web\/wp-json\/wp\/v2\/media\/16785"}],"wp:attachment":[{"href":"https:\/\/www.radiopresidenteibanez.cl\/web\/wp-json\/wp\/v2\/media?parent=16784"}],"wp:term":[{"taxonomy":"category","embeddable":true,"href":"https:\/\/www.radiopresidenteibanez.cl\/web\/wp-json\/wp\/v2\/categories?post=16784"},{"taxonomy":"post_tag","embeddable":true,"href":"https:\/\/www.radiopresidenteibanez.cl\/web\/wp-json\/wp\/v2\/tags?post=16784"}],"curies":[{"name":"wp","href":"https:\/\/api.w.org\/{rel}","templated":true}]}}