{"id":16781,"date":"2020-12-08T04:30:00","date_gmt":"2020-12-08T04:30:00","guid":{"rendered":"https:\/\/www.radiopresidenteibanez.cl\/web\/?p=16781"},"modified":"2020-12-07T23:42:18","modified_gmt":"2020-12-07T23:42:18","slug":"conversatorio-sobre-nuevas-masculinidades-busca-contribuir-a-la-equidad-de-genero-en-organizaciones","status":"publish","type":"post","link":"https:\/\/www.radiopresidenteibanez.cl\/web\/conversatorio-sobre-nuevas-masculinidades-busca-contribuir-a-la-equidad-de-genero-en-organizaciones\/","title":{"rendered":"CONVERSATORIO SOBRE \u201cNUEVAS MASCULINIDADES\u201d BUSCA CONTRIBUIR A LA EQUIDAD DE G\u00c9NERO EN ORGANIZACIONES"},"content":{"rendered":"\n<p>Como parte de la propuesta \u201cAcciones para la sensibilizaci\u00f3n:\nMasculinidades en las Organizaciones\u201d, las Direcciones Regionales de Magallanes\ny B\u00edo B\u00edo del Servicio Nacional de la Mujer y la Equidad de G\u00e9nero, en\ncolaboraci\u00f3n con la Fundaci\u00f3n Hay Mujeres, RedEG, y Essbio, organizan esta\nactividad que busca sensibilizar a los participantes en relaci\u00f3n a la\ndesigualdad de g\u00e9nero en nuestro pa\u00eds y las distintas creencias y pr\u00e1cticas\ndiscriminatorias entre hombres y mujeres naturalizadas por cultura.<\/p>\n\n\n\n<p>El conversatorio \u201cMasculinidad en las Organizaciones, un antes y un\ndespu\u00e9s\u201d, est\u00e1 dirigido a hombres que ocupan puestos de liderazgo y toma de\ndecisiones en las organizaciones de la mesa p\u00fablico-privada del SernamEG,\nautoridades y stakeholders regionales. \u00c9ste se realizar\u00e1 el pr\u00f3ximo mi\u00e9rcoles 09\nde diciembre de 10 a 12 horas a trav\u00e9s de la plataforma Zoom.<\/p>\n\n\n\n<p>\u201cEs importante involucrar a los hombres en posiciones de poder, para que\npuedan aportar desde sus espacios a la transformaci\u00f3n cultural en el \u00e1rea\norganizacional. Con el avance de la equidad de g\u00e9nero, se est\u00e1 ampliando el\nconcepto de masculinidad a uno m\u00e1s positivo, en oposici\u00f3n al hegem\u00f3nico\nreinante, sexista y homof\u00f3bico, el cual ya es incompatible con la sociedad en\nla que queremos vivir, en donde se respete la dignidad y diversidad de las\npersonas\u201d, explic\u00f3 la Directora Regional del SernamEG Magallanes, Fabiola\nGarc\u00eda Pinto, a\u00f1adiendo: \u201clos hombres con cargos en espacios de toma de\ndecisi\u00f3n son agentes de cambio invaluables, por lo que el llamado es a que se\nsumen a esta primera conversaci\u00f3n\u201d.<\/p>\n\n\n\n<p>La charla contar\u00e1 con la participaci\u00f3n de la Directora Ejecutiva de Hay\nMujeres, Mai Nie Chang; el Consultor Internacional y Embajador de Hay Mujeres,\nJuan Carlos Eichholz; el Gerente de Gesti\u00f3n de Personas de Essbio, Gian Piero\nLavezzo Richards; y a Lilian Denham, Directora Ejecutiva de RedEG como\nmoderadora.<\/p>\n\n\n\n<p>El conversatorio es abierto al p\u00fablico, y pueden inscribirse aqu\u00ed: <a href=\"https:\/\/bit.ly\/36UlUym\">https:\/\/bit.ly\/36UlUym<\/a>.<\/p>\n","protected":false},"excerpt":{"rendered":"<p>Como parte de la propuesta \u201cAcciones para la sensibilizaci\u00f3n: Masculinidades en las Organizaciones\u201d, las Direcciones Regionales de Magallanes y B\u00edo B\u00edo del Servicio Nacional de la Mujer y la Equidad&#8230; <a class=\"read-more\" href=\"https:\/\/www.radiopresidenteibanez.cl\/web\/conversatorio-sobre-nuevas-masculinidades-busca-contribuir-a-la-equidad-de-genero-en-organizaciones\/\">Leer m\u00e1s<\/a><\/p>\n","protected":false},"author":2,"featured_media":16782,"comment_status":"closed","ping_status":"closed","sticky":false,"template":"","format":"standard","meta":{"footnotes":""},"categories":[1],"tags":[],"class_list":["post-16781","post","type-post","status-publish","format-standard","has-post-thumbnail","hentry","category-cronica"],"_links":{"self":[{"href":"https:\/\/www.radiopresidenteibanez.cl\/web\/wp-json\/wp\/v2\/posts\/16781","targetHints":{"allow":["GET"]}}],"collection":[{"href":"https:\/\/www.radiopresidenteibanez.cl\/web\/wp-json\/wp\/v2\/posts"}],"about":[{"href":"https:\/\/www.radiopresidenteibanez.cl\/web\/wp-json\/wp\/v2\/types\/post"}],"author":[{"embeddable":true,"href":"https:\/\/www.radiopresidenteibanez.cl\/web\/wp-json\/wp\/v2\/users\/2"}],"replies":[{"embeddable":true,"href":"https:\/\/www.radiopresidenteibanez.cl\/web\/wp-json\/wp\/v2\/comments?post=16781"}],"version-history":[{"count":0,"href":"https:\/\/www.radiopresidenteibanez.cl\/web\/wp-json\/wp\/v2\/posts\/16781\/revisions"}],"wp:featuredmedia":[{"embeddable":true,"href":"https:\/\/www.radiopresidenteibanez.cl\/web\/wp-json\/wp\/v2\/media\/16782"}],"wp:attachment":[{"href":"https:\/\/www.radiopresidenteibanez.cl\/web\/wp-json\/wp\/v2\/media?parent=16781"}],"wp:term":[{"taxonomy":"category","embeddable":true,"href":"https:\/\/www.radiopresidenteibanez.cl\/web\/wp-json\/wp\/v2\/categories?post=16781"},{"taxonomy":"post_tag","embeddable":true,"href":"https:\/\/www.radiopresidenteibanez.cl\/web\/wp-json\/wp\/v2\/tags?post=16781"}],"curies":[{"name":"wp","href":"https:\/\/api.w.org\/{rel}","templated":true}]}}