{"id":16779,"date":"2020-12-08T01:45:00","date_gmt":"2020-12-08T01:45:00","guid":{"rendered":"https:\/\/www.radiopresidenteibanez.cl\/web\/?p=16779"},"modified":"2020-12-07T23:40:37","modified_gmt":"2020-12-07T23:40:37","slug":"mujer-de-nacionalidad-colombiana-fue-condenada-por-trafico-de-droga","status":"publish","type":"post","link":"https:\/\/www.radiopresidenteibanez.cl\/web\/mujer-de-nacionalidad-colombiana-fue-condenada-por-trafico-de-droga\/","title":{"rendered":"MUJER DE NACIONALIDAD COLOMBIANA FUE CONDENADA POR TRAFICO DE DROGA"},"content":{"rendered":"\n<p>Como autora&nbsp; del delito consumado de\ntr\u00e1fico il\u00edcito de estupefacientes\ny sustancias psicotr\u00f3picas,&nbsp; hoy, en juicio oral fue condenada la\nciudadana colombiana Maira Celenia Tascon Angulo.<\/p>\n\n\n\n<p>En su veredicto,&nbsp;\nel Tribunal Oral en lo Penal,&nbsp; dio\npor acreditada la prueba&nbsp; incorporada por\nel Ministerio P\u00fablico,&nbsp; indic\u00e1ndose\nadem\u00e1s que la audiencia de comunicaci\u00f3n de fallo tendr\u00e1 lugar&nbsp; el&nbsp;\nviernes 11 de diciembre, a las&nbsp;\n13:00&nbsp;&nbsp; horas.&nbsp; <\/p>\n\n\n\n<p>Cabe recordar que el hecho qued\u00f3 al descubierto, el&nbsp; 15 de Enero,&nbsp; alrededor de las 06:15 horas, cuando&nbsp; personal del Servicio Nacional de Aduanas,\nconstituidos en el aeropuerto Internacional Carlos Ib\u00e1\u00f1ez del Campo fiscaliz\u00f3 a\nla mujer, quien denot\u00f3 nerviosismo, manifestando no portar ninguna sustancia\nil\u00edcita, pudiendo observarse, sin embargo, una evidente protuberancia que\nsobresal\u00eda desde el sector de su abdomen, consult\u00e1ndole nuevamente si portaba\nalg\u00fan objeto o elemento, manifestando la acusada que transportaba droga,\nprocediendo a entregar dos trozos tipo ladrillo de una sustancia compacta color\nblanco, envuelta en papel alusa transparente, las cuales tra\u00eda adosada a su\ncuerpo, los cuales conten\u00edan una sustancia blanca que sometida a la prueba de\norientaci\u00f3n respectiva arroj\u00f3 coloraci\u00f3n positiva ante la presencia de coca\u00edna,\ny cuyo peso total arroj\u00f3 2 kilos 23 gramos. Asimismo, se le incaut\u00f3 un\ntel\u00e9fono celular marca Huawei, color negro y la suma de $105.000.- en dinero en\nefectivo.<\/p>\n\n\n\n<p>Cabe indicar que la Fiscal\u00eda solicita se\ncondene a la acusada a cumplir la pena de siete a\u00f1os de\npresidio, m\u00e1s multa de cien unidades tributarias, comiso de un tel\u00e9fono celular\nmarca Huawei, color negro, y la suma de $105.000, accesorias legales\npertinentes y las costas.<\/p>\n","protected":false},"excerpt":{"rendered":"<p>Como autora&nbsp; del delito consumado de tr\u00e1fico il\u00edcito de estupefacientes y sustancias psicotr\u00f3picas,&nbsp; hoy, en juicio oral fue condenada la ciudadana colombiana Maira Celenia Tascon Angulo. En su veredicto,&nbsp; el&#8230; <a class=\"read-more\" href=\"https:\/\/www.radiopresidenteibanez.cl\/web\/mujer-de-nacionalidad-colombiana-fue-condenada-por-trafico-de-droga\/\">Leer m\u00e1s<\/a><\/p>\n","protected":false},"author":2,"featured_media":740,"comment_status":"closed","ping_status":"closed","sticky":false,"template":"","format":"standard","meta":{"footnotes":""},"categories":[1],"tags":[],"class_list":["post-16779","post","type-post","status-publish","format-standard","has-post-thumbnail","hentry","category-cronica"],"_links":{"self":[{"href":"https:\/\/www.radiopresidenteibanez.cl\/web\/wp-json\/wp\/v2\/posts\/16779","targetHints":{"allow":["GET"]}}],"collection":[{"href":"https:\/\/www.radiopresidenteibanez.cl\/web\/wp-json\/wp\/v2\/posts"}],"about":[{"href":"https:\/\/www.radiopresidenteibanez.cl\/web\/wp-json\/wp\/v2\/types\/post"}],"author":[{"embeddable":true,"href":"https:\/\/www.radiopresidenteibanez.cl\/web\/wp-json\/wp\/v2\/users\/2"}],"replies":[{"embeddable":true,"href":"https:\/\/www.radiopresidenteibanez.cl\/web\/wp-json\/wp\/v2\/comments?post=16779"}],"version-history":[{"count":0,"href":"https:\/\/www.radiopresidenteibanez.cl\/web\/wp-json\/wp\/v2\/posts\/16779\/revisions"}],"wp:featuredmedia":[{"embeddable":true,"href":"https:\/\/www.radiopresidenteibanez.cl\/web\/wp-json\/wp\/v2\/media\/740"}],"wp:attachment":[{"href":"https:\/\/www.radiopresidenteibanez.cl\/web\/wp-json\/wp\/v2\/media?parent=16779"}],"wp:term":[{"taxonomy":"category","embeddable":true,"href":"https:\/\/www.radiopresidenteibanez.cl\/web\/wp-json\/wp\/v2\/categories?post=16779"},{"taxonomy":"post_tag","embeddable":true,"href":"https:\/\/www.radiopresidenteibanez.cl\/web\/wp-json\/wp\/v2\/tags?post=16779"}],"curies":[{"name":"wp","href":"https:\/\/api.w.org\/{rel}","templated":true}]}}