{"id":16774,"date":"2020-12-08T04:00:00","date_gmt":"2020-12-08T04:00:00","guid":{"rendered":"https:\/\/www.radiopresidenteibanez.cl\/web\/?p=16774"},"modified":"2020-12-07T23:34:48","modified_gmt":"2020-12-07T23:34:48","slug":"manifiesto-magallanico-una-vez-mas-el-centralismo-nos-agobia","status":"publish","type":"post","link":"https:\/\/www.radiopresidenteibanez.cl\/web\/manifiesto-magallanico-una-vez-mas-el-centralismo-nos-agobia\/","title":{"rendered":"MANIFIESTO MAGALL\u00c1NICO Una vez m\u00e1s\u2026\u2026\u2026.el centralismo nos agobia"},"content":{"rendered":"\n<p>\n\nEl argumento\u2026. Evitar aglomeraciones de personas, sin embargo, todos hemos sido testigos de las largas filas de ingreso a supermercados, farmacias y otros establecimientos y como sus pasillos se abarrotan de personas que superan largamente en n\u00famero a la capacidad de nuestros establecimientos.. entonces nos preguntamos\u2026 \u00bfD\u00f3nde hay m\u00e1s riesgo de contagio?, \u00bfAcaso no es posible establecer aforos que den viabilidad a la atenci\u00f3n presencial con bioseguridad?. Entendemos que es de suma importancia cuidar la salud de las personas, pero \u00bfes acaso la prohibici\u00f3n de abrir nuestros establecimientos la \u00fanica medida posible para aquello?&#8230;. falta creatividad y confianza en que las micro y peque\u00f1as empresas pueden actuar con responsabilidad social.<\/p>\n\n\n\n<ul class=\"wp-block-list\"><li>Es inaceptable que; se mantengan las medidas restrictivas.<\/li><\/ul>\n\n\n\n<p>Nos aplican una cuarentena y un toque de queda que han demostrado ser un fracaso para enfrentar la pandemia que nos agobia, en la pr\u00e1ctica no han servido para controlar la pandemia, el plan paso a paso si no se adecua a la realidad regional, solo servir\u00e1 para continuar destruyendo miles de emprendimientos regionales.<br>Hacer siempre lo mismo y esperar resultados diferentes es, por decir lo menos, ingenuo.&nbsp; No debemos permitir que la inoperancia e ineficacia gubernamental sigan destruyendo a\u00f1os de esfuerzo de las familias magall\u00e1nicas.<\/p>\n\n\n\n<ul class=\"wp-block-list\"><li>Es inaceptable que; se est\u00e9n cobrando cuotas de cr\u00e9ditos, cuando parte importante de nuestras actividades econ\u00f3micas est\u00e1n prohibidas de funcionar, lo que nos impide generar ingresos para enfrentar estos compromisos.&nbsp;<\/li><li>Es inaceptable que; todas las propuestas desarrolladas por distintos grupos, gremios y personas ni siquiera tengan una respuesta.&nbsp;<\/li><li>Es inaceptable; el maltrato de la autoridad nacional y su nula respuesta a las leg\u00edtimas demandas de los distintos actores sociales y empresariales magall\u00e1nicos, que ven como se agravan cada d\u00eda m\u00e1s la situaci\u00f3n econ\u00f3mica y financiera de las empresas y de las familias.<\/li><\/ul>\n\n\n\n<p><strong>No m\u00e1s cuarentena y toque de queda\u2026.<\/strong>Desarrollemos un plan con toda la ciudadan\u00eda para mantener con estricto rigor el uso de mascarilla, uso de alcohol y distancia f\u00edsica, adem\u00e1s exijamos que los sectores de riesgo, adultos mayores, personas con enfermedades de base complejas puedan mantenerse con medidas preventivas pero que el Estado se obligue a entregarle las condiciones b\u00e1sicas para sostenerla (servicios b\u00e1sicos, de conectividad y alimentaci\u00f3n).<\/p>\n\n\n\n<p><strong>Exijamos nuestro derecho a trabajar.<\/strong><\/p>\n\n\n\n<p>Es obligatorio por parte del Estado de Chile hacerse cargo del da\u00f1o econ\u00f3mico que han sufrido las personas y empresas por esta pandemia.&nbsp; Los efectos concretos del da\u00f1o econ\u00f3mico es la falta de ingresos por venta por no poder trabajar.<\/p>\n\n\n\n<p>La industria tur\u00edstica est\u00e1 fuertemente da\u00f1ada y las respuestas del Estado son m\u00ednimas y no reconocen lo complejo y dif\u00edcil de la situaci\u00f3n de las empresas y la gran familia de personas que dependen de esta actividad,&nbsp;<strong>exigimos l\u00edneas de financiamiento reales<\/strong>&nbsp;que permitan que esta industria pueda sobrevivir.<\/p>\n\n\n\n<p>Invitamos a todos los actores sociales, empresariales, pol\u00edticos de la regi\u00f3n a sumarse a este manifiesto que busca y exige respeto para la gente de nuestra regi\u00f3n, exigimos respuestas claras&nbsp;<strong>YA.<\/strong><\/p>\n\n\n\n<p>Invitamos a todos los magall\u00e1nicos a alzar la voz en contra del centralismo que nos agobia<\/p>\n\n\n\n<p><strong>Suscriben este Manifiesto:<\/strong><\/p>\n\n\n\n<ol class=\"wp-block-list\"><li>Asociaci\u00f3n de Gu\u00edas de Magallanes AG<\/li><li>Asociaci\u00f3n de Gu\u00edas Pesca con mosca AG<\/li><li>Asociaci\u00f3n de Gu\u00edas de Tierra del Fuego AG<\/li><li>Asociaci\u00f3n Gastron\u00f3mica de Punta Arenas, Gastropuq AG<\/li><li>Asociaci\u00f3n de Alojamientos Tur\u00edsticos, ASATUR AG<\/li><li>C\u00e1mara Turismo Timaukel, Tierra del Fuego AG<\/li><li>C\u00e1mara de Turismo Cabo de Hornos AG<\/li><li>C\u00e1mara de Turismo AustroChile AG<\/li><li>Uni\u00f3n de Comerciantes, Artesanos y Artistas de Magallanes, UCAAM<\/li><li>AG C\u00e1mara de Comercio Detallista y turismo de Punta Arenas<\/li><li>ASODUCAM AG<\/li><li>Asociaci\u00f3n de Ejecutivas y Empresarias tur\u00edsticas, ASEET Magallanes y Ant\u00e1rtica Chilena<\/li><li>Asociaci\u00f3n Gremial de Trabajadores de las Artes y Espect\u00e1culos, AGTAE<\/li><\/ol>\n","protected":false},"excerpt":{"rendered":"<p>El argumento\u2026. Evitar aglomeraciones de personas, sin embargo, todos hemos sido testigos de las largas filas de ingreso a supermercados, farmacias y otros establecimientos y como sus pasillos se abarrotan&#8230; <a class=\"read-more\" href=\"https:\/\/www.radiopresidenteibanez.cl\/web\/manifiesto-magallanico-una-vez-mas-el-centralismo-nos-agobia\/\">Leer m\u00e1s<\/a><\/p>\n","protected":false},"author":2,"featured_media":740,"comment_status":"closed","ping_status":"closed","sticky":false,"template":"","format":"standard","meta":{"footnotes":""},"categories":[1],"tags":[],"class_list":["post-16774","post","type-post","status-publish","format-standard","has-post-thumbnail","hentry","category-cronica"],"_links":{"self":[{"href":"https:\/\/www.radiopresidenteibanez.cl\/web\/wp-json\/wp\/v2\/posts\/16774","targetHints":{"allow":["GET"]}}],"collection":[{"href":"https:\/\/www.radiopresidenteibanez.cl\/web\/wp-json\/wp\/v2\/posts"}],"about":[{"href":"https:\/\/www.radiopresidenteibanez.cl\/web\/wp-json\/wp\/v2\/types\/post"}],"author":[{"embeddable":true,"href":"https:\/\/www.radiopresidenteibanez.cl\/web\/wp-json\/wp\/v2\/users\/2"}],"replies":[{"embeddable":true,"href":"https:\/\/www.radiopresidenteibanez.cl\/web\/wp-json\/wp\/v2\/comments?post=16774"}],"version-history":[{"count":0,"href":"https:\/\/www.radiopresidenteibanez.cl\/web\/wp-json\/wp\/v2\/posts\/16774\/revisions"}],"wp:featuredmedia":[{"embeddable":true,"href":"https:\/\/www.radiopresidenteibanez.cl\/web\/wp-json\/wp\/v2\/media\/740"}],"wp:attachment":[{"href":"https:\/\/www.radiopresidenteibanez.cl\/web\/wp-json\/wp\/v2\/media?parent=16774"}],"wp:term":[{"taxonomy":"category","embeddable":true,"href":"https:\/\/www.radiopresidenteibanez.cl\/web\/wp-json\/wp\/v2\/categories?post=16774"},{"taxonomy":"post_tag","embeddable":true,"href":"https:\/\/www.radiopresidenteibanez.cl\/web\/wp-json\/wp\/v2\/tags?post=16774"}],"curies":[{"name":"wp","href":"https:\/\/api.w.org\/{rel}","templated":true}]}}