{"id":16771,"date":"2020-12-08T03:45:00","date_gmt":"2020-12-08T03:45:00","guid":{"rendered":"https:\/\/www.radiopresidenteibanez.cl\/web\/?p=16771"},"modified":"2020-12-07T23:32:27","modified_gmt":"2020-12-07T23:32:27","slug":"red-autonoma-de-profesores-y-profesoras-de-magallanes-rapromag-y-red-de-profesoras-feministas-gabriela-mistral-presentan-a-su-pre-candidado-constituyente-pablo-cifuentes-vladilo","status":"publish","type":"post","link":"https:\/\/www.radiopresidenteibanez.cl\/web\/red-autonoma-de-profesores-y-profesoras-de-magallanes-rapromag-y-red-de-profesoras-feministas-gabriela-mistral-presentan-a-su-pre-candidado-constituyente-pablo-cifuentes-vladilo\/","title":{"rendered":"RED AUT\u00d3NOMA DE PROFESORES Y PROFESORAS DE MAGALLANES (RAPROMAG) Y RED DE PROFESORAS FEMINISTAS GABRIELA MISTRAL PRESENTAN A SU PRE-CANDIDADO CONSTITUYENTE PABLO CIFUENTES VLADILO"},"content":{"rendered":"\n<p>Desde la <strong>Coordinadora Social por Magallanes<\/strong> se ha conformado una lista con\npre-candidatos independientes, entre ellos se encuentra <strong>Pablo Cifuentes Vladilo,<\/strong> quien busca ser candidato electo en la <strong>CONSULTA CIUDADANA <\/strong>abierta a todas las\npersonas desde los 16 a\u00f1os con residencia en la Regi\u00f3n de Magallanes y\nAnt\u00e1rtica Chilena el d\u00eda <strong>13 de diciembre<\/strong>\ndel presente a\u00f1o.<\/p>\n\n\n\n<p>La educaci\u00f3n no ha querido estar\nausente en este proceso democr\u00e1tico que estamos viviendo hoy en Chile: la\nredacci\u00f3n de una nueva Constituci\u00f3n mediante una Convenci\u00f3n Constitucional.<\/p>\n\n\n\n<p>Como redes de educaci\u00f3n levantamos\nla pre- candidatura de un <strong>profesor aut\u00f3nomo\ny comprometido<\/strong> con la visi\u00f3n de que una nueva educaci\u00f3n es posible y\nconsideramos de suma importancia que actores de las <strong>comunidades educativas<\/strong> est\u00e9n presenten en la Convenci\u00f3n\nConstitucional.<\/p>\n\n\n\n<p>Respaldamos a&nbsp; Pablo Cifuentes Vladilo&nbsp; ya que entiende que la educaci\u00f3n no es solo\npensar en los establecimientos educacionales, si no que considerarla el\ncimiento de nuestra sociedad y por ello, es de suma urgencia refundarla\nconsiderando como fundamental:<\/p>\n\n\n\n<p>1\u00ba Garantizar la educaci\u00f3n como\nun derecho social, donde el Estado asuma un rol prioritario, garante y\nfinanciador de la educaci\u00f3n p\u00fablica, de manera permanente, desde la educaci\u00f3n\ninicial hasta la educaci\u00f3n superior.<\/p>\n\n\n\n<p>2\u00ba Generar un nuevo curr\u00edculum\nnacional basado en la colaboraci\u00f3n, flexibilidad y la actualizaci\u00f3n constante;\nconstruido desde cada comunidad educativa.<\/p>\n\n\n\n<p>3\u00ba Crear una nueva\ninstitucionalidad funcional al curr\u00edculum y que priorice el trabajo\nterritorial.<\/p>\n\n\n\n<p>4\u00ba Garantizar una educaci\u00f3n no\nsexista, laica e inclusiva, con enfoque feminista, territorial, \u00e9tnico,\necol\u00f3gico, donde se promueva la formaci\u00f3n integral, el trato digno, el respeto\ny los Derechos Humanos.<\/p>\n\n\n\n<p>5\u00ba Priorizar una educaci\u00f3n que\nposicione al estudiante como sujeto de derecho, a trav\u00e9s de la democratizaci\u00f3n\nde los espacios educativos que aseguren el respeto a la Convenci\u00f3n sobre los\nDerechos del Ni\u00f1o.<\/p>\n\n\n\n<p>6\u00ba Asegurar la participaci\u00f3n\ndemocr\u00e1tica y aut\u00f3noma de las comunidades educativas, como actores y agentes\nsociales capaces de transformar la realidad a trav\u00e9s de consultas vinculantes.<\/p>\n\n\n\n<p>7\u00ba Establecer, desde el Estado,\nlineamientos generales que garanticen por parte de las comunidades educativas\nla creaci\u00f3n de protocolos que resguarden la integridad f\u00edsica y psicol\u00f3gica de\ncualquier persona y tipo de vulneraci\u00f3n.<\/p>\n\n\n\n<p>8\u00ba Reconocer a los\/as profesores\/as\ncomo profesionales con el derecho de participar en pol\u00edticas educativas. Los\naltos cargos de administraci\u00f3n p\u00fablica, ligada a educaci\u00f3n deben ser ocupados\nde manera exclusiva por profesionales de la educaci\u00f3n con experiencia en aula.<\/p>\n\n\n\n<p>9\u00ba Respetar y garantizar, desde\nel Estado, la autonom\u00eda profesional de la docencia, brindando condiciones\nlaborales dignas a lo largo de la trayectoria docente y libres de agobio. A\ntrav\u00e9s de pol\u00edticas p\u00fablicas considerar la formaci\u00f3n de pregrado y continua de\nlos y las profesores y profesoras de manera gratuita, permanente y universal.<\/p>\n\n\n\n<p>Los puntos anteriores, forman\nparte de un <strong>mandato preliminar<\/strong> <strong>por la educaci\u00f3n<\/strong> que se encuentra en\npermanente construcci\u00f3n y por el cual invitamos a todas las personas que se\nsientan comprometidas por una mejor educaci\u00f3n a formar parte de su redacci\u00f3n\ndefinitiva participando de manera activa en las <strong>asambleas y foros convocados por nuestras redes<\/strong>.<\/p>\n\n\n\n<p>Esperamos por lo tanto, contar\ncon la participaci\u00f3n y apoyo de todos aquellos que compartan nuestra visi\u00f3n\nsobre la importancia de la educaci\u00f3n en esta nueva Constituci\u00f3n.<\/p>\n\n\n\n<p>Cualquier inquietud o necesidad\nde contacto se puede realizar por medio de las <strong>RRSS<\/strong> (Facebook e Instagram) de las redes involucradas o escribiendo\nal correo electr\u00f3nico <strong>profeconstituyentemag@gmail.com<\/strong><\/p>\n","protected":false},"excerpt":{"rendered":"<p>Desde la Coordinadora Social por Magallanes se ha conformado una lista con pre-candidatos independientes, entre ellos se encuentra Pablo Cifuentes Vladilo, quien busca ser candidato electo en la CONSULTA CIUDADANA&#8230; <a class=\"read-more\" href=\"https:\/\/www.radiopresidenteibanez.cl\/web\/red-autonoma-de-profesores-y-profesoras-de-magallanes-rapromag-y-red-de-profesoras-feministas-gabriela-mistral-presentan-a-su-pre-candidado-constituyente-pablo-cifuentes-vladilo\/\">Leer m\u00e1s<\/a><\/p>\n","protected":false},"author":2,"featured_media":16772,"comment_status":"closed","ping_status":"closed","sticky":false,"template":"","format":"standard","meta":{"footnotes":""},"categories":[1],"tags":[],"class_list":["post-16771","post","type-post","status-publish","format-standard","has-post-thumbnail","hentry","category-cronica"],"_links":{"self":[{"href":"https:\/\/www.radiopresidenteibanez.cl\/web\/wp-json\/wp\/v2\/posts\/16771","targetHints":{"allow":["GET"]}}],"collection":[{"href":"https:\/\/www.radiopresidenteibanez.cl\/web\/wp-json\/wp\/v2\/posts"}],"about":[{"href":"https:\/\/www.radiopresidenteibanez.cl\/web\/wp-json\/wp\/v2\/types\/post"}],"author":[{"embeddable":true,"href":"https:\/\/www.radiopresidenteibanez.cl\/web\/wp-json\/wp\/v2\/users\/2"}],"replies":[{"embeddable":true,"href":"https:\/\/www.radiopresidenteibanez.cl\/web\/wp-json\/wp\/v2\/comments?post=16771"}],"version-history":[{"count":0,"href":"https:\/\/www.radiopresidenteibanez.cl\/web\/wp-json\/wp\/v2\/posts\/16771\/revisions"}],"wp:featuredmedia":[{"embeddable":true,"href":"https:\/\/www.radiopresidenteibanez.cl\/web\/wp-json\/wp\/v2\/media\/16772"}],"wp:attachment":[{"href":"https:\/\/www.radiopresidenteibanez.cl\/web\/wp-json\/wp\/v2\/media?parent=16771"}],"wp:term":[{"taxonomy":"category","embeddable":true,"href":"https:\/\/www.radiopresidenteibanez.cl\/web\/wp-json\/wp\/v2\/categories?post=16771"},{"taxonomy":"post_tag","embeddable":true,"href":"https:\/\/www.radiopresidenteibanez.cl\/web\/wp-json\/wp\/v2\/tags?post=16771"}],"curies":[{"name":"wp","href":"https:\/\/api.w.org\/{rel}","templated":true}]}}