{"id":16768,"date":"2020-12-08T03:30:00","date_gmt":"2020-12-08T03:30:00","guid":{"rendered":"https:\/\/www.radiopresidenteibanez.cl\/web\/?p=16768"},"modified":"2020-12-07T23:30:37","modified_gmt":"2020-12-07T23:30:37","slug":"consejero-de-ultima-esperanza-tolentino-soto-es-electo-como-nuevo-presidente-del-core-magallanes","status":"publish","type":"post","link":"https:\/\/www.radiopresidenteibanez.cl\/web\/consejero-de-ultima-esperanza-tolentino-soto-es-electo-como-nuevo-presidente-del-core-magallanes\/","title":{"rendered":"CONSEJERO DE \u00daLTIMA ESPERANZA TOLENTINO SOTO ES ELECTO COMO NUEVO PRESIDENTE DEL CORE MAGALLANES"},"content":{"rendered":"\n<p>En la Sesi\u00f3n Plenaria N\u00b023\nefectuada este lunes a trav\u00e9s de videoconferencia, por mayor\u00eda de votos (8 a\nfavor contra 5) el consejero regional, Tolentino Soto Espa\u00f1a, fue electo como\nnuevo presidente del Consejo Regional de Magallanes y de la Ant\u00e1rtica Chilena. <\/p>\n\n\n\n<p>Por segunda vez, durante el\nperiodo 2018-2022, corresponde al representante de la provincia \u00daltima Esperanza,\nasumir este importante cargo que estaba vacante tras la salida del consejero,\nAlejandro Kusanovic, quien debi\u00f3 renunciar para iniciar una carrera con miras\nal parlamento. <\/p>\n\n\n\n<p>En la oportunidad, los integrantes\ndel CORE tambi\u00e9n propusieron para el cargo a la consejera de la misma\nprovincia, Yammy &nbsp;Warner, que valor\u00f3 el\nrespaldo de sus colegas y deseo \u00e9xito en su gesti\u00f3n al nuevo presidente. <\/p>\n\n\n\n<p>Tras su elecci\u00f3n, el consejero\nTolentino Soto, agradeci\u00f3 la confianza y responsabilidad entregada nuevamente\npor los consejeros regionales y efectu\u00f3 un llamado a trabajar unidos en pos del\nbeneficio de los habitantes de Magallanes. <\/p>\n\n\n\n<p>\u201cLa gran tarea, es ver como somos\ncapaces de darle funcionalidad a la regi\u00f3n entregando lo mejor de cada uno para\n&nbsp;ir en ayuda de &nbsp;la comunidad que hoy est\u00e1 pasando momentos muy\ndif\u00edciles. Mi llamado como nuevo presidente, es a la unidad del Consejo Regional,\na trabar en equipo y entender que somos seres humanos que cometemos errores, pero\ndebemos tener la capacidad de reflexionar y salir adelante siempre en beneficio\nde la regi\u00f3n\u201d, afirm\u00f3 el presidente del CORE.<\/p>\n\n\n\n<p>Finalmente, el consejero\nregional, Antonio Bradasic, tras felicitar al consejero Soto, expres\u00f3 \u201cla\ngesti\u00f3n y decisiones de este Consejo son de gran relevancia para mejorar las\ncondiciones de vida de todos los magall\u00e1nicos, independiente del lugar\ngeogr\u00e1fico en que vivan. Debemos trabajar en conjunto para resaltar esa labor,\nanteponiendo el bien com\u00fan sobre las opiniones personales o pol\u00edticas.\nMantenemos la alerta y estamos atentos a nuestra regi\u00f3n, a su gente y sus\nnecesidades\u201d, concluy\u00f3.&nbsp; <\/p>\n","protected":false},"excerpt":{"rendered":"<p>En la Sesi\u00f3n Plenaria N\u00b023 efectuada este lunes a trav\u00e9s de videoconferencia, por mayor\u00eda de votos (8 a favor contra 5) el consejero regional, Tolentino Soto Espa\u00f1a, fue electo como&#8230; <a class=\"read-more\" href=\"https:\/\/www.radiopresidenteibanez.cl\/web\/consejero-de-ultima-esperanza-tolentino-soto-es-electo-como-nuevo-presidente-del-core-magallanes\/\">Leer m\u00e1s<\/a><\/p>\n","protected":false},"author":2,"featured_media":16769,"comment_status":"closed","ping_status":"closed","sticky":false,"template":"","format":"standard","meta":{"footnotes":""},"categories":[1],"tags":[],"class_list":["post-16768","post","type-post","status-publish","format-standard","has-post-thumbnail","hentry","category-cronica"],"_links":{"self":[{"href":"https:\/\/www.radiopresidenteibanez.cl\/web\/wp-json\/wp\/v2\/posts\/16768","targetHints":{"allow":["GET"]}}],"collection":[{"href":"https:\/\/www.radiopresidenteibanez.cl\/web\/wp-json\/wp\/v2\/posts"}],"about":[{"href":"https:\/\/www.radiopresidenteibanez.cl\/web\/wp-json\/wp\/v2\/types\/post"}],"author":[{"embeddable":true,"href":"https:\/\/www.radiopresidenteibanez.cl\/web\/wp-json\/wp\/v2\/users\/2"}],"replies":[{"embeddable":true,"href":"https:\/\/www.radiopresidenteibanez.cl\/web\/wp-json\/wp\/v2\/comments?post=16768"}],"version-history":[{"count":0,"href":"https:\/\/www.radiopresidenteibanez.cl\/web\/wp-json\/wp\/v2\/posts\/16768\/revisions"}],"wp:featuredmedia":[{"embeddable":true,"href":"https:\/\/www.radiopresidenteibanez.cl\/web\/wp-json\/wp\/v2\/media\/16769"}],"wp:attachment":[{"href":"https:\/\/www.radiopresidenteibanez.cl\/web\/wp-json\/wp\/v2\/media?parent=16768"}],"wp:term":[{"taxonomy":"category","embeddable":true,"href":"https:\/\/www.radiopresidenteibanez.cl\/web\/wp-json\/wp\/v2\/categories?post=16768"},{"taxonomy":"post_tag","embeddable":true,"href":"https:\/\/www.radiopresidenteibanez.cl\/web\/wp-json\/wp\/v2\/tags?post=16768"}],"curies":[{"name":"wp","href":"https:\/\/api.w.org\/{rel}","templated":true}]}}