{"id":16760,"date":"2020-12-08T03:45:00","date_gmt":"2020-12-08T03:45:00","guid":{"rendered":"https:\/\/www.radiopresidenteibanez.cl\/web\/?p=16760"},"modified":"2020-12-07T18:23:43","modified_gmt":"2020-12-07T18:23:43","slug":"nuevo-programa-reactivate-sercotec-te-apoya-entregara-mas-de-880-millones-de-pesos","status":"publish","type":"post","link":"https:\/\/www.radiopresidenteibanez.cl\/web\/nuevo-programa-reactivate-sercotec-te-apoya-entregara-mas-de-880-millones-de-pesos\/","title":{"rendered":"NUEVO PROGRAMA REACT\u00cdVATE \u201cSERCOTEC TE APOYA\u201d ENTREGAR\u00c1 M\u00c1S DE 880 MILLONES DE PESOS"},"content":{"rendered":"\n<p>Desde este 7 a las 12:00 horas\nhasta el 11 de diciembre a las 15:00 horas, el Servicio de Cooperaci\u00f3n T\u00e9cnica\nde Magallanes abre nueva convocatoria al programa React\u00edvate \u201cSercotec Te Apoya\u201d,\n<strong>subsidio de $2.500.000<\/strong> que busca ayudar\na las micro y peque\u00f1as empresas de cualquier sector econ\u00f3mico que hayan visto disminuidas\nsus ventas producto de la crisis econ\u00f3mica y sanitaria. <\/p>\n\n\n\n<p>Al respecto, la Intendenta de\nMagallanes, Jenniffer Rojas, afirm\u00f3: \u201cporque contin\u00faa nuestro compromiso con las\nmicro y peque\u00f1as empresas regionales que se han visto tan afectadas durante\nesta pandemia. El d\u00eda de hoy lunes 7 de diciembre lanzamos la nueva convocatoria\nal programa React\u00edvate Sercotec Te Apoya, financiado con recursos del Fondema,\naprobados por el Consejo Regional y que pretenden ayudar a las micro y peque\u00f1as\nempresas a salir de esta dif\u00edcil situaci\u00f3n, financiando capital de trabajo como\nmaterias primas y materiales, mercader\u00eda, arriendo, sueldos, pagos de servicios\nb\u00e1sicos, pago de cuotas de cr\u00e9ditos y tambi\u00e9n publicidad. Los invitamos a\npostular y a participar de esta gran iniciativa\u201d.<\/p>\n\n\n\n<p>Por su parte, la Directora\nRegional de Sercotec Magallanes, Mar\u00eda Soledad Solo de Zald\u00edvar, se\u00f1al\u00f3: \u201cquiero\ninvitar a todo los micro y peque\u00f1os empresarios, que est\u00e9n en primera\ncategor\u00eda, a postular a nuestro fondo React\u00edvate Sercotec Te Apoya, que gracias\nal Gobierno Regional podemos beneficiar a 314 pymes con m\u00e1s de 880 millones de\npesos. Para postular debes ingresar a nuestra p\u00e1gina web www.sercotec.cl. Las postulaciones\nest\u00e1n abiertas desde hoy 7 de diciembre hasta el d\u00eda 1. Si tienes alguna duda ll\u00e1manos\nal 232425000 anexo 12\u201d.<\/p>\n\n\n\n<p><strong>Las micro y peque\u00f1as empresas que postulen,<\/strong> pueden ser de cualquier\nsector econ\u00f3mico con ventas netas mayores a 0 (cero) o inferiores o iguales a\n15.000 UF al a\u00f1o, que hayan visto afectadas sus ventas producto de la\nemergencia sanitaria y que tengan inicio de actividades hasta el 31 de octubre\nde 2019.<\/p>\n\n\n\n<p><strong>Es recomendable que antes de postular,<\/strong> revisen las bases del\nprograma React\u00edvate Sercotec Te Apoya que estar\u00e1n habilitadas desde hoy 7 de\ndiciembre en la p\u00e1gina de Sercotec <a href=\"http:\/\/www.sercotec.cl\">www.sercotec.cl<\/a>,\ndonde encontrar\u00e1n todos los requisitos para ser parte de esta iniciativa.<\/p>\n\n\n\n<p>Cabe destacar que este programa <strong>entregar\u00e1 m\u00e1s de 880 millones de pesos <\/strong>y\nes financiado por el Gobierno Regional a trav\u00e9s del Fondo de Desarrollo de\nMagallanes (Fondema), con aprobaci\u00f3n del Consejo Regional de Magallanes y\nAnt\u00e1rtica Chilena.<\/p>\n\n\n\n<p><strong>Detalles del programa<br>\n<br>\n<\/strong><\/p>\n\n\n\n<p><strong>\u00bfQu\u00e9 es?<\/strong><\/p>\n\n\n\n<p>Programa que busca apoyar a los\nmicro y peque\u00f1as empresas de cualquier sector econ\u00f3mico con ventas netas\nmayores a 0 (cero) o inferiores o iguales a 15.000 UF al a\u00f1o, que hayan visto\nafectadas sus ventas producto de la emergencia sanitaria y que tengan inicio de\nactividades hasta el 31 de octubre de 2019. Para apoyar la reactivaci\u00f3n de su\nactividad econ\u00f3mica, Sercotec otorga un subsidio que les permite adquirir\nactivos, capital de trabajo (materias primas y materiales, mercader\u00eda,\nfinanciar arriendos, sueldos, pago de servicios b\u00e1sicos y cuotas de cr\u00e9dito) y\ngastos en promoci\u00f3n y publicidad. Adem\u00e1s, se podr\u00e1 financiar la adquisici\u00f3n de\nmateriales necesarios para implementar protocolos sanitarios ante el Covid-19.<\/p>\n\n\n\n<p><strong>\u00bfCu\u00e1nto y que se puede financiar?<\/strong><\/p>\n\n\n\n<p>Financia $2.500.000 para la\ncompra de activos, capital de trabajo (materias primas y materiales,\nmercader\u00eda, financiar arriendos, sueldos, pago de servicios b\u00e1sicos y cuotas de\ncr\u00e9dito) y gastos en promoci\u00f3n y publicidad.<\/p>\n\n\n\n<p><strong>\u00bfQui\u00e9nes pueden acceder?<\/strong><\/p>\n\n\n\n<p>a.1. Ser persona natural y\/o\njur\u00eddica con iniciaci\u00f3n de actividades en primera categor\u00eda&nbsp; ante el Servicio de Impuestos Internos (SII)\nhasta el 31 de octubre de 2019 y estar vigente a la fecha de inicio de la\nconvocatoria.<\/p>\n\n\n\n<p>a.2. No haber incumplido las\nobligaciones contractuales de un proyecto de Sercotec con el AOS (t\u00e9rmino\nanticipado de contrato por hecho o acto imputable al beneficiario\/a), a la\nfecha de inicio de la convocatoria.<\/p>\n\n\n\n<p>a.3. No tener condenas por\npr\u00e1cticas antisindicales y\/o infracci\u00f3n a derechos fundamentales del\ntrabajador, dentro de los dos a\u00f1os anteriores a la fecha de inicio de las\npostulaciones de la presente convocatoria. Sercotec validar\u00e1 nuevamente esta\ncondici\u00f3n al momento de formalizar.<\/p>\n\n\n\n<p>a.4 No tener rendiciones\npendientes con Sercotec, a la fecha de inicio de la convocatoria.<\/p>\n\n\n\n<p>a.5 Tener domicilio comercial\ny\/o sucursal y pertinencia en la regi\u00f3n de la presente convocatoria.<\/p>\n\n\n\n<p>a.6 g)&nbsp;&nbsp; No haber sido beneficiario\/a de ninguna\nconvocatoria React\u00edvate de Sercotec a\u00f1o 2020, cualquier fuente de\nfinanciamiento<\/p>\n\n\n\n<p><strong>\u00bfCu\u00e1les son los plazos de la postulaci\u00f3n?<\/strong><\/p>\n\n\n\n<p>Desde\nel lunes 7 de diciembre a las 12:00 horas hasta el viernes 11 de diciembre a\nlas 15:00 horas.<\/p>\n","protected":false},"excerpt":{"rendered":"<p>Desde este 7 a las 12:00 horas hasta el 11 de diciembre a las 15:00 horas, el Servicio de Cooperaci\u00f3n T\u00e9cnica de Magallanes abre nueva convocatoria al programa React\u00edvate \u201cSercotec&#8230; <a class=\"read-more\" href=\"https:\/\/www.radiopresidenteibanez.cl\/web\/nuevo-programa-reactivate-sercotec-te-apoya-entregara-mas-de-880-millones-de-pesos\/\">Leer m\u00e1s<\/a><\/p>\n","protected":false},"author":2,"featured_media":16761,"comment_status":"closed","ping_status":"closed","sticky":false,"template":"","format":"standard","meta":{"footnotes":""},"categories":[1],"tags":[],"class_list":["post-16760","post","type-post","status-publish","format-standard","has-post-thumbnail","hentry","category-cronica"],"_links":{"self":[{"href":"https:\/\/www.radiopresidenteibanez.cl\/web\/wp-json\/wp\/v2\/posts\/16760","targetHints":{"allow":["GET"]}}],"collection":[{"href":"https:\/\/www.radiopresidenteibanez.cl\/web\/wp-json\/wp\/v2\/posts"}],"about":[{"href":"https:\/\/www.radiopresidenteibanez.cl\/web\/wp-json\/wp\/v2\/types\/post"}],"author":[{"embeddable":true,"href":"https:\/\/www.radiopresidenteibanez.cl\/web\/wp-json\/wp\/v2\/users\/2"}],"replies":[{"embeddable":true,"href":"https:\/\/www.radiopresidenteibanez.cl\/web\/wp-json\/wp\/v2\/comments?post=16760"}],"version-history":[{"count":0,"href":"https:\/\/www.radiopresidenteibanez.cl\/web\/wp-json\/wp\/v2\/posts\/16760\/revisions"}],"wp:featuredmedia":[{"embeddable":true,"href":"https:\/\/www.radiopresidenteibanez.cl\/web\/wp-json\/wp\/v2\/media\/16761"}],"wp:attachment":[{"href":"https:\/\/www.radiopresidenteibanez.cl\/web\/wp-json\/wp\/v2\/media?parent=16760"}],"wp:term":[{"taxonomy":"category","embeddable":true,"href":"https:\/\/www.radiopresidenteibanez.cl\/web\/wp-json\/wp\/v2\/categories?post=16760"},{"taxonomy":"post_tag","embeddable":true,"href":"https:\/\/www.radiopresidenteibanez.cl\/web\/wp-json\/wp\/v2\/tags?post=16760"}],"curies":[{"name":"wp","href":"https:\/\/api.w.org\/{rel}","templated":true}]}}