{"id":16757,"date":"2020-12-08T03:30:00","date_gmt":"2020-12-08T03:30:00","guid":{"rendered":"https:\/\/www.radiopresidenteibanez.cl\/web\/?p=16757"},"modified":"2020-12-07T18:21:00","modified_gmt":"2020-12-07T18:21:00","slug":"mamografo-movil-inicio-su-ruta-por-magallanes","status":"publish","type":"post","link":"https:\/\/www.radiopresidenteibanez.cl\/web\/mamografo-movil-inicio-su-ruta-por-magallanes\/","title":{"rendered":"MAM\u00d3GRAFO M\u00d3VIL INICI\u00d3 SU RUTA POR MAGALLANES"},"content":{"rendered":"\n<p>Hasta\nla comuna de Puerto Natales se traslad\u00f3 el mam\u00f3grafo m\u00f3vil del Servicio de\nSalud Magallanes, a fin de brindar en su primera visita, programada los d\u00edas 3\ny 4 de diciembre, resoluci\u00f3n a las mujeres que, cumpliendo los criterios de\nacceso, se encontraban en lista de espera.<\/p>\n\n\n\n<p>En\nefecto, la visita del dispositivo m\u00f3vil, contextualizado en el programa de Im\u00e1genes\nDiagn\u00f3sticas del Ministerio de Salud, fue positivamente evaluada por las natalinas\nbeneficiadas; una de ellas fue la Sra. Mariflor Guerra, quien se\u00f1al\u00f3 que la\nvisita del mam\u00f3grafo era una excelente iniciativa, debido a que como comunidad \u201cnos\nhace falta este equipo y el personal calificado que nos hagan los ex\u00e1menes\u201d.<\/p>\n\n\n\n<p>Por\nsu parte, la Sra. Sara Pinto, destac\u00f3 la importancia de realizarse este examen e\nindic\u00f3 que, para ella es sagrado realizarlo todos los a\u00f1os junto al PAP. \u201cMe\nparecen super bien estas iniciativas porque adem\u00e1s de ser tan importante las\nmamograf\u00edas en las mujeres, de repente las personas no tienen como hac\u00e9rselas y\neste m\u00f3vil mam\u00f3grafo, me parece una excelente idea, as\u00ed que sigan haci\u00e9ndolas\nsiempre\u201d, indic\u00f3.<\/p>\n\n\n\n<p>La\nimportancia del mam\u00f3grafo m\u00f3vil, versa sobre la necesidad de acercar el diagn\u00f3stico\nprecoz y oportuno de c\u00e1ncer de mama en las mujeres de la regi\u00f3n de Magallanes, por\nlo que la Subdirecci\u00f3n de Atenci\u00f3n Primaria del Servicio de Salud, ha\ncalendarizado en coordinaci\u00f3n con establecimientos APS y\/o Hospitales\nComunitarios despliegues pr\u00f3ximos en las comunas de Porvenir y Cabo de Hornos.<\/p>\n\n\n\n<p>Se\u00f1alar\nque los criterios para acceder a atenci\u00f3n consideran, mujeres desde los 40\na\u00f1os, con \u00e9nfasis en las de 50 a 69 a\u00f1os, por el mayor riesgo de c\u00e1ncer en ese\ngrupo etario; mujeres de otras edades, con factores de riesgo identificados por\nm\u00e9dico o matrona; mujeres que requieran iniciar Terapia de reposici\u00f3n Hormonal\n(menopausia) y el estar en control en alg\u00fan centro de Atenci\u00f3n Primaria de\nSalud APS (CESFAM, CECOSF, PSR y Hospitales comunitarios). <\/p>\n\n\n\n<p>El\nc\u00e1ncer de mama es un tumor maligno, que se presenta con m\u00e1s frecuencia en\nmujeres mayores de 50 a\u00f1os, (edad que coincide con la etapa del climaterio). En\nChile, el c\u00e1ncer de mama es la primera causa de muerte entre mujeres y, desde\nel a\u00f1o 2005, con el inicio del primer r\u00e9gimen de Garant\u00edas Explicitas en Salud GES,\nel c\u00e1ncer de mama y cervicouterino, se encuentran garantizados, permitiendo\nmejorar el acceso a detecci\u00f3n, diagn\u00f3stico y tratamiento.<\/p>\n\n\n\n<p>La\nimportancia de la detecci\u00f3n temprana del c\u00e1ncer de mama mediante el uso de la\nmamograf\u00eda y otras t\u00e9cnicas, es fundamental ya que cambian el pron\u00f3stico de la\nenfermedad. El diagn\u00f3stico precoz es vital, pues de \u00e9l dependen las\nposibilidades de curaci\u00f3n, que pueden ser del 100% si se detecta a tiempo.<\/p>\n","protected":false},"excerpt":{"rendered":"<p>Hasta la comuna de Puerto Natales se traslad\u00f3 el mam\u00f3grafo m\u00f3vil del Servicio de Salud Magallanes, a fin de brindar en su primera visita, programada los d\u00edas 3 y 4&#8230; <a class=\"read-more\" href=\"https:\/\/www.radiopresidenteibanez.cl\/web\/mamografo-movil-inicio-su-ruta-por-magallanes\/\">Leer m\u00e1s<\/a><\/p>\n","protected":false},"author":2,"featured_media":16758,"comment_status":"closed","ping_status":"closed","sticky":false,"template":"","format":"standard","meta":{"footnotes":""},"categories":[1],"tags":[],"class_list":["post-16757","post","type-post","status-publish","format-standard","has-post-thumbnail","hentry","category-cronica"],"_links":{"self":[{"href":"https:\/\/www.radiopresidenteibanez.cl\/web\/wp-json\/wp\/v2\/posts\/16757","targetHints":{"allow":["GET"]}}],"collection":[{"href":"https:\/\/www.radiopresidenteibanez.cl\/web\/wp-json\/wp\/v2\/posts"}],"about":[{"href":"https:\/\/www.radiopresidenteibanez.cl\/web\/wp-json\/wp\/v2\/types\/post"}],"author":[{"embeddable":true,"href":"https:\/\/www.radiopresidenteibanez.cl\/web\/wp-json\/wp\/v2\/users\/2"}],"replies":[{"embeddable":true,"href":"https:\/\/www.radiopresidenteibanez.cl\/web\/wp-json\/wp\/v2\/comments?post=16757"}],"version-history":[{"count":0,"href":"https:\/\/www.radiopresidenteibanez.cl\/web\/wp-json\/wp\/v2\/posts\/16757\/revisions"}],"wp:featuredmedia":[{"embeddable":true,"href":"https:\/\/www.radiopresidenteibanez.cl\/web\/wp-json\/wp\/v2\/media\/16758"}],"wp:attachment":[{"href":"https:\/\/www.radiopresidenteibanez.cl\/web\/wp-json\/wp\/v2\/media?parent=16757"}],"wp:term":[{"taxonomy":"category","embeddable":true,"href":"https:\/\/www.radiopresidenteibanez.cl\/web\/wp-json\/wp\/v2\/categories?post=16757"},{"taxonomy":"post_tag","embeddable":true,"href":"https:\/\/www.radiopresidenteibanez.cl\/web\/wp-json\/wp\/v2\/tags?post=16757"}],"curies":[{"name":"wp","href":"https:\/\/api.w.org\/{rel}","templated":true}]}}