{"id":16751,"date":"2020-12-08T03:00:00","date_gmt":"2020-12-08T03:00:00","guid":{"rendered":"https:\/\/www.radiopresidenteibanez.cl\/web\/?p=16751"},"modified":"2020-12-07T17:09:11","modified_gmt":"2020-12-07T17:09:11","slug":"municipio-de-natales-inicio-entrega-de-canastas-de-alimentos-para-el-ultimo-mes-del-ano-2020","status":"publish","type":"post","link":"https:\/\/www.radiopresidenteibanez.cl\/web\/municipio-de-natales-inicio-entrega-de-canastas-de-alimentos-para-el-ultimo-mes-del-ano-2020\/","title":{"rendered":"MUNICIPIO DE NATALES INICI\u00d3 ENTREGA DE CANASTAS DE ALIMENTOS PARA EL \u00daLTIMO MES DEL A\u00d1O 2020"},"content":{"rendered":"\n<p>En el Polideportivo\nMunicipal, centro de acopio de las ayudas sociales de Natales se dio inicio a\nla distribuci\u00f3n de alrededor de 3.000 nuevas cajas de alimentos para las\nfamilias m\u00e1s vulnerables de la ciudad.<\/p>\n\n\n\n<p>En esta \u00faltima\nentrega del a\u00f1o, las canastas ser\u00e1n entregadas a los domicilios de los\nbeneficiarios por el gremio de transporte escolar, gremio que se vio afectado\ndesde el inicio de la pandemia en donde quedaron inhabilitados para trabajar\ndebido a la suspensi\u00f3n de clases en los establecimientos educacionales. <\/p>\n\n\n\n<p>El alcalde\nFernando Paredes Mansilla, se\u00f1al\u00f3 lo positivo que es incluir al gremio de\ntransporte escolar a la campa\u00f1a social que se ha desarrollado durante meses en\nla comuna, &nbsp;\u201chemos tomado la decisi\u00f3n\ncomo municipalidad a trav\u00e9s de nuestra Direcci\u00f3n de Desarrollo Comunitario de\npoder trabajar en conjunto con ellos, esto cumple un doble prop\u00f3sito de que el\ngremio de trasporte escolar tenga una entrada econ\u00f3mica es buena obra, pero\ntambi\u00e9n que ellos se sumen a este proceso de entrega de canastas de alimentos\nque es el cumplimiento de una gran labor social y que se quiere desarrollar\ndurante todo el mes de diciembre y ojal\u00e1 antes de navidad. Es un esfuerzo\ngrande pero finalmente lo hacemos con la convicci\u00f3n de que es lo que\ncorresponde hacer en un momento muy dif\u00edcil que est\u00e1 viviendo nuestra\ncomunidad\u201d. <\/p>\n\n\n\n<p>Al respecto,\nRa\u00fal Suazo Mardones, gobernador de la Provincia de \u00daltima Esperanza, recalc\u00f3 la\ngesti\u00f3n que realiz\u00f3 el municipio de natales con el gremio de transporte\nescolar, indic\u00f3 que \u201cel hecho de que la municipalidad haya logrado acceder al\nsector del transporte escolar que ha sido golpeado duramente con la situaci\u00f3n\nde pandemia, es una muy buena noticia para todos por la generaci\u00f3n de trabajo y\nrecursos que tiene la din\u00e1mica de entrega de canastas familiares\u201d. <\/p>\n\n\n\n<p>Por otra\nparte, la presidenta del gremio de transporte escolar, Myriam Saldivia coment\u00f3\nlo beneficioso que es ser parte del proceso de la campa\u00f1a social, inform\u00f3 que\n\u201ccomo gremio estamos agradecidos de las autoridades por habernos incluidos en\nesta actividad ya que nosotros no hemos movido nuestros buses desde marzo\u201d. <\/p>\n\n\n\n<p>Finalmente,\nambas autoridades agradecieron el trabajo que desarrollar\u00e1n durante el mes de\ndiciembre a los funcionarios municipales, funcionarios de la gobernaci\u00f3n\nprovincial y choferes del transporte escolar, en esta misma l\u00ednea el alcalde\ncerr\u00f3 en sus declaraciones entregando un especial agradecimiento al Gobierno\nRegional de Magallanes, por el apoyo a la comuna de Natales.<\/p>\n","protected":false},"excerpt":{"rendered":"<p>En el Polideportivo Municipal, centro de acopio de las ayudas sociales de Natales se dio inicio a la distribuci\u00f3n de alrededor de 3.000 nuevas cajas de alimentos para las familias&#8230; <a class=\"read-more\" href=\"https:\/\/www.radiopresidenteibanez.cl\/web\/municipio-de-natales-inicio-entrega-de-canastas-de-alimentos-para-el-ultimo-mes-del-ano-2020\/\">Leer m\u00e1s<\/a><\/p>\n","protected":false},"author":2,"featured_media":16752,"comment_status":"closed","ping_status":"closed","sticky":false,"template":"","format":"standard","meta":{"footnotes":""},"categories":[1],"tags":[],"class_list":["post-16751","post","type-post","status-publish","format-standard","has-post-thumbnail","hentry","category-cronica"],"_links":{"self":[{"href":"https:\/\/www.radiopresidenteibanez.cl\/web\/wp-json\/wp\/v2\/posts\/16751","targetHints":{"allow":["GET"]}}],"collection":[{"href":"https:\/\/www.radiopresidenteibanez.cl\/web\/wp-json\/wp\/v2\/posts"}],"about":[{"href":"https:\/\/www.radiopresidenteibanez.cl\/web\/wp-json\/wp\/v2\/types\/post"}],"author":[{"embeddable":true,"href":"https:\/\/www.radiopresidenteibanez.cl\/web\/wp-json\/wp\/v2\/users\/2"}],"replies":[{"embeddable":true,"href":"https:\/\/www.radiopresidenteibanez.cl\/web\/wp-json\/wp\/v2\/comments?post=16751"}],"version-history":[{"count":0,"href":"https:\/\/www.radiopresidenteibanez.cl\/web\/wp-json\/wp\/v2\/posts\/16751\/revisions"}],"wp:featuredmedia":[{"embeddable":true,"href":"https:\/\/www.radiopresidenteibanez.cl\/web\/wp-json\/wp\/v2\/media\/16752"}],"wp:attachment":[{"href":"https:\/\/www.radiopresidenteibanez.cl\/web\/wp-json\/wp\/v2\/media?parent=16751"}],"wp:term":[{"taxonomy":"category","embeddable":true,"href":"https:\/\/www.radiopresidenteibanez.cl\/web\/wp-json\/wp\/v2\/categories?post=16751"},{"taxonomy":"post_tag","embeddable":true,"href":"https:\/\/www.radiopresidenteibanez.cl\/web\/wp-json\/wp\/v2\/tags?post=16751"}],"curies":[{"name":"wp","href":"https:\/\/api.w.org\/{rel}","templated":true}]}}