{"id":16747,"date":"2020-12-07T16:14:13","date_gmt":"2020-12-07T16:14:13","guid":{"rendered":"https:\/\/www.radiopresidenteibanez.cl\/web\/?p=16747"},"modified":"2020-12-07T16:14:24","modified_gmt":"2020-12-07T16:14:24","slug":"de-fase-3-a-cuarentena-total-puerto-williams-retrocede-en-el-plan-paso-a-paso","status":"publish","type":"post","link":"https:\/\/www.radiopresidenteibanez.cl\/web\/de-fase-3-a-cuarentena-total-puerto-williams-retrocede-en-el-plan-paso-a-paso\/","title":{"rendered":"DE FASE 3 A CUARENTENA TOTAL: PUERTO WILLIAMS RETROCEDE EN EL PLAN PASO A PASO"},"content":{"rendered":"\n<p>En un nuevo reporte entregado por el Ministerio de Salud, la autoridad sanitaria junto a la Subsecretaria de Previsi\u00f3n del Delito, Katherine Martorell, informaron retrocesos y avances en el plan \u201cPaso a Paso\u201d, en la ocasi\u00f3n, la medida m\u00e1s llamativa fue la tomaba en la Regi\u00f3n Metropolitana donde todas las comunas retrocedieron a Fase 2 y tendr\u00e1n cuarentena los fines de semana y festivos.<\/p>\n\n\n\n<p>Por su parte, en Magallanes, Puerto Williams retroceder\u00e1 de la fase 3 a cuarentena total, esto luego de que sumar\u00e1 una gran cantidad de casos por covid-19 en los \u00faltimos 4 d\u00edas.<\/p>\n\n\n\n<p>Por el momento no se realizaron anuncios para Punta Arenas y Puerto Natales, quienes seguir\u00e1n en cuarentena total, pese a que en su momento se indic\u00f3 que, este lunes 7 de diciembre la capital de la provincia de \u00daltima Esperanza, avanzar\u00eda a fase 2.<\/p>\n\n\n\n<p><\/p>\n\n\n\n<p>CHH\/ES.<\/p>\n","protected":false},"excerpt":{"rendered":"<p>En un nuevo reporte entregado por el Ministerio de Salud, la autoridad sanitaria junto a la Subsecretaria de Previsi\u00f3n del Delito, Katherine Martorell, informaron retrocesos y avances en el plan&#8230; <a class=\"read-more\" href=\"https:\/\/www.radiopresidenteibanez.cl\/web\/de-fase-3-a-cuarentena-total-puerto-williams-retrocede-en-el-plan-paso-a-paso\/\">Leer m\u00e1s<\/a><\/p>\n","protected":false},"author":2,"featured_media":16748,"comment_status":"closed","ping_status":"closed","sticky":false,"template":"","format":"standard","meta":{"footnotes":""},"categories":[1],"tags":[],"class_list":["post-16747","post","type-post","status-publish","format-standard","has-post-thumbnail","hentry","category-cronica"],"_links":{"self":[{"href":"https:\/\/www.radiopresidenteibanez.cl\/web\/wp-json\/wp\/v2\/posts\/16747","targetHints":{"allow":["GET"]}}],"collection":[{"href":"https:\/\/www.radiopresidenteibanez.cl\/web\/wp-json\/wp\/v2\/posts"}],"about":[{"href":"https:\/\/www.radiopresidenteibanez.cl\/web\/wp-json\/wp\/v2\/types\/post"}],"author":[{"embeddable":true,"href":"https:\/\/www.radiopresidenteibanez.cl\/web\/wp-json\/wp\/v2\/users\/2"}],"replies":[{"embeddable":true,"href":"https:\/\/www.radiopresidenteibanez.cl\/web\/wp-json\/wp\/v2\/comments?post=16747"}],"version-history":[{"count":0,"href":"https:\/\/www.radiopresidenteibanez.cl\/web\/wp-json\/wp\/v2\/posts\/16747\/revisions"}],"wp:featuredmedia":[{"embeddable":true,"href":"https:\/\/www.radiopresidenteibanez.cl\/web\/wp-json\/wp\/v2\/media\/16748"}],"wp:attachment":[{"href":"https:\/\/www.radiopresidenteibanez.cl\/web\/wp-json\/wp\/v2\/media?parent=16747"}],"wp:term":[{"taxonomy":"category","embeddable":true,"href":"https:\/\/www.radiopresidenteibanez.cl\/web\/wp-json\/wp\/v2\/categories?post=16747"},{"taxonomy":"post_tag","embeddable":true,"href":"https:\/\/www.radiopresidenteibanez.cl\/web\/wp-json\/wp\/v2\/tags?post=16747"}],"curies":[{"name":"wp","href":"https:\/\/api.w.org\/{rel}","templated":true}]}}