{"id":16744,"date":"2020-12-08T02:45:00","date_gmt":"2020-12-08T02:45:00","guid":{"rendered":"https:\/\/www.radiopresidenteibanez.cl\/web\/?p=16744"},"modified":"2020-12-07T14:59:21","modified_gmt":"2020-12-07T14:59:21","slug":"emprendedoras-y-emprendedores-regalaron-1-411-340-en-premios","status":"publish","type":"post","link":"https:\/\/www.radiopresidenteibanez.cl\/web\/emprendedoras-y-emprendedores-regalaron-1-411-340-en-premios\/","title":{"rendered":"EMPRENDEDORAS Y EMPRENDEDORES REGALARON $1.411.340 EN PREMIOS"},"content":{"rendered":"\n<p>A las 0:30 de este lunes 07 de diciembre culmin\u00f3 la 2da Expo Instagram Live, que cont\u00f3 con la participaci\u00f3n de m\u00e1s de 90 emprendedores y emprendedoras de Magallanes. Tal y como se hab\u00eda anticipado, a las 20.00 horas del domingo 06 se realiz\u00f3 el sorteo final de premios, que fue valorizado en un total de $1.411.340, donados por las y los expositores del evento a las personas que siguieron las sesiones en vivo.<\/p>\n\n\n\n<p>Durante dos jornadas, empresas de distintos rubros y dimensiones realizaron ofertas de productos y servicios con precios rebajados, conversaron sobre sus emprendimientos, efectuaron concursos y tambi\u00e9n llevaron a cabo diversos conversatorios educativos y de reflexi\u00f3n en temas de inter\u00e9s p\u00fablico.<\/p>\n\n\n\n<p>Fueron 48 horas de mucha entrega, en un formato amigable, din\u00e1mico y creativo donde casi un centenar de personas que se han reinventado para sobrellevar mejor los tiempos de pandemia, ofrecieron lo mejor de s\u00ed, para abrirse camino en un mercado que hoy ve con m\u00e1s cercan\u00eda el comercio local.<\/p>\n\n\n\n<p>En una de las innumerables sesiones en vivo que se llevaron a cabo en el marco de la expo, Alba Espinoza, del emprendimiento \u2018Los Sabores del Alba\u2019, indic\u00f3:&nbsp;<strong><em>\u201cLa pandemia trajo esto de lindo, que nos acerc\u00f3, aunque sea virtualmente\u201d<\/em><\/strong>, por su parte, Ver\u00f3nica G\u00f3mez del \u2018Emporio &amp; Vinoteca del Puerto\u2019 se\u00f1al\u00f3:&nbsp;<strong><em>\u201cCuando t\u00fa le compras a un emprendedor eres doblemente feliz, porque haces feliz a quien hace y a quien recibe\u201d<\/em><\/strong>. En tanto que Katherine Silva de \u2018Sekal_puq\u2019 hizo la siguiente invitaci\u00f3n:&nbsp;<strong><em>\u201cQue se haga moda comprarle a un emprendedor\u201d<\/em><\/strong>.<\/p>\n\n\n\n<p>El equipo coordinador de la 2da Expo Instagram Live se despidi\u00f3 de la audiencia con palabras de mucha satisfacci\u00f3n y gratitud. En este sentido, Jennifer Fisher, defini\u00f3 la actividad as\u00ed:&nbsp;<strong><em>\u201cEspectacular, todos los emprendedores se pusieron con premios, la mayor\u00eda hechos artesanalmente, se pasaron, nos pasamos\u201d<\/em><\/strong>. Ingrid Galdames, agreg\u00f3:&nbsp;<strong><em>\u201cFueron muchas horas, genial todo, se agradece a todos los emprendedores\u201d<\/em><\/strong>. Por su parte, Richard V\u00e1squez se refiri\u00f3 a la particularidad de esta expo:&nbsp;<strong><em>\u201cSabemos que no es f\u00e1cil un live, pararte en la c\u00e1mara y hablar\u201d<\/em><\/strong>. En tanto que Natalia Quezada expres\u00f3:&nbsp;<strong><em>\u201cAgradecerle a los emprendedores que conf\u00edan en nosotros, que creen en nuestra pega, a la gente que nos acompa\u00f1a, que se conecta a los live, que interact\u00faa y que se mantiene en el tiempo\u201d<\/em><\/strong>. Finalmente, Miguel Osorio dijo:&nbsp;<strong><em>\u201cCreo que de verdad, el objetivo de mover la econom\u00eda ac\u00e1 en Magallanes es algo que estamos cumpliendo a cabalidad y eso nos vuelve locos y nos encanta\u201d.<\/em><\/strong><\/p>\n","protected":false},"excerpt":{"rendered":"<p>A las 0:30 de este lunes 07 de diciembre culmin\u00f3 la 2da Expo Instagram Live, que cont\u00f3 con la participaci\u00f3n de m\u00e1s de 90 emprendedores y emprendedoras de Magallanes. Tal&#8230; <a class=\"read-more\" href=\"https:\/\/www.radiopresidenteibanez.cl\/web\/emprendedoras-y-emprendedores-regalaron-1-411-340-en-premios\/\">Leer m\u00e1s<\/a><\/p>\n","protected":false},"author":2,"featured_media":16745,"comment_status":"closed","ping_status":"closed","sticky":false,"template":"","format":"standard","meta":{"footnotes":""},"categories":[1],"tags":[],"class_list":["post-16744","post","type-post","status-publish","format-standard","has-post-thumbnail","hentry","category-cronica"],"_links":{"self":[{"href":"https:\/\/www.radiopresidenteibanez.cl\/web\/wp-json\/wp\/v2\/posts\/16744","targetHints":{"allow":["GET"]}}],"collection":[{"href":"https:\/\/www.radiopresidenteibanez.cl\/web\/wp-json\/wp\/v2\/posts"}],"about":[{"href":"https:\/\/www.radiopresidenteibanez.cl\/web\/wp-json\/wp\/v2\/types\/post"}],"author":[{"embeddable":true,"href":"https:\/\/www.radiopresidenteibanez.cl\/web\/wp-json\/wp\/v2\/users\/2"}],"replies":[{"embeddable":true,"href":"https:\/\/www.radiopresidenteibanez.cl\/web\/wp-json\/wp\/v2\/comments?post=16744"}],"version-history":[{"count":0,"href":"https:\/\/www.radiopresidenteibanez.cl\/web\/wp-json\/wp\/v2\/posts\/16744\/revisions"}],"wp:featuredmedia":[{"embeddable":true,"href":"https:\/\/www.radiopresidenteibanez.cl\/web\/wp-json\/wp\/v2\/media\/16745"}],"wp:attachment":[{"href":"https:\/\/www.radiopresidenteibanez.cl\/web\/wp-json\/wp\/v2\/media?parent=16744"}],"wp:term":[{"taxonomy":"category","embeddable":true,"href":"https:\/\/www.radiopresidenteibanez.cl\/web\/wp-json\/wp\/v2\/categories?post=16744"},{"taxonomy":"post_tag","embeddable":true,"href":"https:\/\/www.radiopresidenteibanez.cl\/web\/wp-json\/wp\/v2\/tags?post=16744"}],"curies":[{"name":"wp","href":"https:\/\/api.w.org\/{rel}","templated":true}]}}