{"id":16741,"date":"2020-12-08T02:30:00","date_gmt":"2020-12-08T02:30:00","guid":{"rendered":"https:\/\/www.radiopresidenteibanez.cl\/web\/?p=16741"},"modified":"2020-12-07T14:52:10","modified_gmt":"2020-12-07T14:52:10","slug":"mas-de-200-pequenos-locales-se-han-recorrido-con-entrega-de-elementos-de-prevencion-del-covid-19","status":"publish","type":"post","link":"https:\/\/www.radiopresidenteibanez.cl\/web\/mas-de-200-pequenos-locales-se-han-recorrido-con-entrega-de-elementos-de-prevencion-del-covid-19\/","title":{"rendered":"M\u00c1S DE 200 PEQUE\u00d1OS LOCALES SE HAN RECORRIDO CON ENTREGA DE ELEMENTOS DE PREVENCI\u00d3N DEL COVID-19"},"content":{"rendered":"\n<p><em>M\u00e1s de 200\npeque\u00f1os locales comerciales de la regi\u00f3n de Magallanes han sido recorridos en el\nmarco de la campa\u00f1a \u201cISL Paso a Paso Contigo\u201d, siendo beneficiados con la\nentrega gratuita de se\u00f1al\u00e9ticas y elementos de protecci\u00f3n personal para la\nprevenci\u00f3n y combate del Covid-19.<\/em><em><\/em><\/p>\n\n\n\n<p><em>A trav\u00e9s de\nellos y sumado el apoyo a trav\u00e9s de diferentes municipalidades de la zona, se\nhan repartido m\u00e1s de 30 mil kits de materiales dirigidos a la protecci\u00f3n de\ndue\u00f1os, trabajadores y visitantes de micro y peque\u00f1as empresas regionales,\nentre los que adem\u00e1s se ha hecho la difusi\u00f3n del plan \u201cPaso a Paso Laboral\u201d.<\/em><em><\/em><\/p>\n\n\n\n<p><em>La Seremi del\nTrabajo, Victoria Cort\u00e9s Schiattino, coment\u00f3 que \u201cal inicio de la campa\u00f1a\nanunciamos la entrega de cerca de 50 mil elementos a distribuir. Sin embargo,\ndada la buena recepci\u00f3n de la comunidad, ese n\u00famero se ampli\u00f3 a un total de 60\nmil materiales que ser\u00e1n repartidos en la zona, de los cuales ya hemos hecho\nentrega de m\u00e1s de 30 mil en comunas como Punta Arenas, Puerto Natales, R\u00edo\nVerde, Laguna Blanca entre otras\u201d.<\/em><em><\/em><\/p>\n\n\n\n<p><em>Junto con el\nmaterial, la campa\u00f1a incorpora capacitaci\u00f3n, asistencia t\u00e9cnica por parte de\nlos funcionarios de ISL, informaci\u00f3n sobre medidas de prevenci\u00f3n y seguridad en\ncada fase del plan Paso A Paso y Paso a Paso Laboral, entre otras.<\/em><em><\/em><\/p>\n\n\n\n<p><em>Seg\u00fan explica\nel director regional de ISL, Marcelo Trivi\u00f1o \u00c1lvarez, \u201cse trata de un conjunto\nintegral de elementos que componen esta campa\u00f1a que busca, en definitiva, tener\nlugares de trabajo m\u00e1s seguros y con menos riesgo de Covid. Por lo mismo, nos\nhemos apoyado en los municipios tambi\u00e9n a los que estamos enviando material,\ncon lo cual esperamos llegar a m\u00e1s de 1.000 micro y peque\u00f1as empresas de toda\nla regi\u00f3n\u201d.<\/em><em><\/em><\/p>\n\n\n\n<p><em>Adem\u00e1s de los\nmunicipios, se est\u00e1n desarrollando alianzas con otras instituciones para\nabarcar un n\u00famero m\u00e1s amplio de locales. Durante la pr\u00f3xima semana, por\nejemplo, se visitar\u00e1n diferentes centros vecinales junto a la Gobernaci\u00f3n\nprovincial de Magallanes a fin de extender el p\u00fablico objetivo.<\/em><em><\/em><\/p>\n\n\n\n<p><em>Las\nautoridades invitaron a visitar el sitio web de la campa\u00f1a, <\/em><a href=\"http:\/\/www.pasoapasocontigo.isl.gob.cl\">www.pasoapasocontigo.isl.gob.cl<\/a><em>, donde se\npuede encontrar informaci\u00f3n de las medidas de prevenci\u00f3n para cada tipo de\nnegocio, adem\u00e1s de se\u00f1al\u00e9ticas descargables, protocolos y gu\u00edas para empresas,\nautoevaluaciones, entre otros.<\/em><em><\/em><\/p>\n","protected":false},"excerpt":{"rendered":"<p>M\u00e1s de 200 peque\u00f1os locales comerciales de la regi\u00f3n de Magallanes han sido recorridos en el marco de la campa\u00f1a \u201cISL Paso a Paso Contigo\u201d, siendo beneficiados con la entrega&#8230; <a class=\"read-more\" href=\"https:\/\/www.radiopresidenteibanez.cl\/web\/mas-de-200-pequenos-locales-se-han-recorrido-con-entrega-de-elementos-de-prevencion-del-covid-19\/\">Leer m\u00e1s<\/a><\/p>\n","protected":false},"author":2,"featured_media":16742,"comment_status":"closed","ping_status":"closed","sticky":false,"template":"","format":"standard","meta":{"footnotes":""},"categories":[1],"tags":[],"class_list":["post-16741","post","type-post","status-publish","format-standard","has-post-thumbnail","hentry","category-cronica"],"_links":{"self":[{"href":"https:\/\/www.radiopresidenteibanez.cl\/web\/wp-json\/wp\/v2\/posts\/16741","targetHints":{"allow":["GET"]}}],"collection":[{"href":"https:\/\/www.radiopresidenteibanez.cl\/web\/wp-json\/wp\/v2\/posts"}],"about":[{"href":"https:\/\/www.radiopresidenteibanez.cl\/web\/wp-json\/wp\/v2\/types\/post"}],"author":[{"embeddable":true,"href":"https:\/\/www.radiopresidenteibanez.cl\/web\/wp-json\/wp\/v2\/users\/2"}],"replies":[{"embeddable":true,"href":"https:\/\/www.radiopresidenteibanez.cl\/web\/wp-json\/wp\/v2\/comments?post=16741"}],"version-history":[{"count":0,"href":"https:\/\/www.radiopresidenteibanez.cl\/web\/wp-json\/wp\/v2\/posts\/16741\/revisions"}],"wp:featuredmedia":[{"embeddable":true,"href":"https:\/\/www.radiopresidenteibanez.cl\/web\/wp-json\/wp\/v2\/media\/16742"}],"wp:attachment":[{"href":"https:\/\/www.radiopresidenteibanez.cl\/web\/wp-json\/wp\/v2\/media?parent=16741"}],"wp:term":[{"taxonomy":"category","embeddable":true,"href":"https:\/\/www.radiopresidenteibanez.cl\/web\/wp-json\/wp\/v2\/categories?post=16741"},{"taxonomy":"post_tag","embeddable":true,"href":"https:\/\/www.radiopresidenteibanez.cl\/web\/wp-json\/wp\/v2\/tags?post=16741"}],"curies":[{"name":"wp","href":"https:\/\/api.w.org\/{rel}","templated":true}]}}