{"id":16738,"date":"2020-12-08T02:15:00","date_gmt":"2020-12-08T02:15:00","guid":{"rendered":"https:\/\/www.radiopresidenteibanez.cl\/web\/?p=16738"},"modified":"2020-12-07T14:48:28","modified_gmt":"2020-12-07T14:48:28","slug":"municipio-de-punta-arenas-iniciara-entrega-de-regalos-para-ninas-y-ninos-de-la-comuna","status":"publish","type":"post","link":"https:\/\/www.radiopresidenteibanez.cl\/web\/municipio-de-punta-arenas-iniciara-entrega-de-regalos-para-ninas-y-ninos-de-la-comuna\/","title":{"rendered":"MUNICIPIO DE PUNTA ARENAS INICIAR\u00c1 ENTREGA DE REGALOS PARA NI\u00d1AS Y NI\u00d1OS DE LA COMUNA"},"content":{"rendered":"\n<p>Desde este martes, 8 de diciembre, comenzar\u00e1 la entrega de\nregalos por parte del Municipio local, para 5.725 ni\u00f1as y ni\u00f1os de Punta\nArenas, que fueron inscritos para recibir un presente de parte del Viejito\nPascuero.<\/p>\n\n\n\n<p>La entrega se iniciar\u00e1 el martes (8 de diciembre), entre las\n9 y 13 horas, en la escuela Elba Ojeda G\u00f3mez de R\u00edo Seco, donde se har\u00e1 entrega\nde los regalos a ni\u00f1as y ni\u00f1os de los sectores de R\u00edo Seco, Barranco Amarillo,\nLoteo Vrsalovic y Ojo Bueno.<\/p>\n\n\n\n<p>El calendario contin\u00faa con los sectores de Punta Arenas,\ncuyos regalos se entregar\u00e1n en la Escuela Portugal, de la siguiente forma:<\/p>\n\n\n\n<p>El mi\u00e9rcoles 9 de diciembre, se llevar\u00e1 a cabo la entrega de\nregalos para ni\u00f1as y ni\u00f1os inscritos en los distritos 1 (9 a 12.30 horas) y 2\n(14.30 a 17 horas).<\/p>\n\n\n\n<p>El jueves 10 de diciembre, corresponder\u00e1 el turno de los\npeque\u00f1os inscritos en los distritos 3 (9 a 12.30 horas) y 4 (14.30 a 17 horas).<\/p>\n\n\n\n<p>El viernes 11 de diciembre es el turno de los distritos 5 (9\na 12.30 horas) y 6 (14.30 a 17 horas).<\/p>\n\n\n\n<p>El lunes 14 de diciembre, corresponde a los distritos 7 (9 a\n12.30 horas) y 8 (14.30 a 17 horas).<\/p>\n\n\n\n<p>Finalmente, el martes 15 de diciembre, se entregar\u00e1n los\nregalos a ni\u00f1as y ni\u00f1os de los distritos 9 (9 a 12.30 horas) y 10 (14.30 a 17\nhoras).<\/p>\n\n\n\n<p>Cabe recordar que este a\u00f1o la cobertura en la inscripci\u00f3n de\nregalos aument\u00f3 en un 65% respecto del 2019.<\/p>\n","protected":false},"excerpt":{"rendered":"<p>Desde este martes, 8 de diciembre, comenzar\u00e1 la entrega de regalos por parte del Municipio local, para 5.725 ni\u00f1as y ni\u00f1os de Punta Arenas, que fueron inscritos para recibir un&#8230; <a class=\"read-more\" href=\"https:\/\/www.radiopresidenteibanez.cl\/web\/municipio-de-punta-arenas-iniciara-entrega-de-regalos-para-ninas-y-ninos-de-la-comuna\/\">Leer m\u00e1s<\/a><\/p>\n","protected":false},"author":2,"featured_media":16739,"comment_status":"closed","ping_status":"closed","sticky":false,"template":"","format":"standard","meta":{"footnotes":""},"categories":[1],"tags":[],"class_list":["post-16738","post","type-post","status-publish","format-standard","has-post-thumbnail","hentry","category-cronica"],"_links":{"self":[{"href":"https:\/\/www.radiopresidenteibanez.cl\/web\/wp-json\/wp\/v2\/posts\/16738","targetHints":{"allow":["GET"]}}],"collection":[{"href":"https:\/\/www.radiopresidenteibanez.cl\/web\/wp-json\/wp\/v2\/posts"}],"about":[{"href":"https:\/\/www.radiopresidenteibanez.cl\/web\/wp-json\/wp\/v2\/types\/post"}],"author":[{"embeddable":true,"href":"https:\/\/www.radiopresidenteibanez.cl\/web\/wp-json\/wp\/v2\/users\/2"}],"replies":[{"embeddable":true,"href":"https:\/\/www.radiopresidenteibanez.cl\/web\/wp-json\/wp\/v2\/comments?post=16738"}],"version-history":[{"count":0,"href":"https:\/\/www.radiopresidenteibanez.cl\/web\/wp-json\/wp\/v2\/posts\/16738\/revisions"}],"wp:featuredmedia":[{"embeddable":true,"href":"https:\/\/www.radiopresidenteibanez.cl\/web\/wp-json\/wp\/v2\/media\/16739"}],"wp:attachment":[{"href":"https:\/\/www.radiopresidenteibanez.cl\/web\/wp-json\/wp\/v2\/media?parent=16738"}],"wp:term":[{"taxonomy":"category","embeddable":true,"href":"https:\/\/www.radiopresidenteibanez.cl\/web\/wp-json\/wp\/v2\/categories?post=16738"},{"taxonomy":"post_tag","embeddable":true,"href":"https:\/\/www.radiopresidenteibanez.cl\/web\/wp-json\/wp\/v2\/tags?post=16738"}],"curies":[{"name":"wp","href":"https:\/\/api.w.org\/{rel}","templated":true}]}}