{"id":16735,"date":"2020-12-08T02:00:00","date_gmt":"2020-12-08T02:00:00","guid":{"rendered":"https:\/\/www.radiopresidenteibanez.cl\/web\/?p=16735"},"modified":"2020-12-07T14:45:18","modified_gmt":"2020-12-07T14:45:18","slug":"ipc-de-noviembre-registro-una-variacion-mensual-de-01","status":"publish","type":"post","link":"https:\/\/www.radiopresidenteibanez.cl\/web\/ipc-de-noviembre-registro-una-variacion-mensual-de-01\/","title":{"rendered":"IPC DE NOVIEMBRE REGISTR\u00d3 UNA VARIACI\u00d3N MENSUAL DE -0,1%"},"content":{"rendered":"\n<p>En noviembre de 2020<a href=\"https:\/\/mail.yandex.com\/?uid=1130000044629637#6de2ea969c6ba35c_ftn1\" target=\"_blank\" rel=\"noreferrer noopener\"><sup>[1]<\/sup><\/a>, el \u00cdndice de Precios al Consumidor (IPC) anot\u00f3 una variaci\u00f3n mensual de -0,1%, acumulando 2,6% en lo que va del a\u00f1o y un alza a doce meses de 2,7%.<\/p>\n\n\n\n<p>En el und\u00e9cimo mes del a\u00f1o, siete de las doce divisiones que conforman la canasta del IPC aportaron incidencias negativas en la variaci\u00f3n mensual del \u00edndice, cuatro presentaron incidencias positivas y una registr\u00f3 nula incidencia. Entre las divisiones con descensos en sus precios destac\u00f3 vestuario y calzado (-4,9%) con -0,166 puntos porcentuales (pp.) y vivienda y servicios b\u00e1sicos (-0,2%) con -0,024 pp. Las restantes divisiones que influyeron negativamente contribuyeron con -0,042 pp., en conjunto.<\/p>\n\n\n\n<p>A su vez, entre las divisiones que consignaron alzas mensuales en sus precios destac\u00f3 transporte (0,3%), que incidi\u00f3 0,041 pp.<\/p>\n\n\n\n<p>En el contexto de la contingencia generada por la pandemia de COVID-19 en Chile y el mundo, el Instituto Nacional de Estad\u00edsticas (INE) ha adoptado a contar de marzo de 2020 y hasta que las condiciones lo permitan, una serie de medidas para dar continuidad a la recolecci\u00f3n de datos de los indicadores de precios. Los principales alcances y aspectos metodol\u00f3gicos de estas medidas se reflejan en la separata t\u00e9cnica que acompa\u00f1a a este bolet\u00edn.<\/p>\n\n\n\n<p>Los resultados completos del IPC correspondiente a noviembre de 2020 est\u00e1n disponibles en&nbsp;<a href=\"http:\/\/www.ine.cl\/\" target=\"_blank\" rel=\"noreferrer noopener\">www.ine.cl<\/a>.<\/p>\n","protected":false},"excerpt":{"rendered":"<p>En noviembre de 2020[1], el \u00cdndice de Precios al Consumidor (IPC) anot\u00f3 una variaci\u00f3n mensual de -0,1%, acumulando 2,6% en lo que va del a\u00f1o y un alza a doce&#8230; <a class=\"read-more\" href=\"https:\/\/www.radiopresidenteibanez.cl\/web\/ipc-de-noviembre-registro-una-variacion-mensual-de-01\/\">Leer m\u00e1s<\/a><\/p>\n","protected":false},"author":2,"featured_media":16736,"comment_status":"closed","ping_status":"closed","sticky":false,"template":"","format":"standard","meta":{"footnotes":""},"categories":[1],"tags":[],"class_list":["post-16735","post","type-post","status-publish","format-standard","has-post-thumbnail","hentry","category-cronica"],"_links":{"self":[{"href":"https:\/\/www.radiopresidenteibanez.cl\/web\/wp-json\/wp\/v2\/posts\/16735","targetHints":{"allow":["GET"]}}],"collection":[{"href":"https:\/\/www.radiopresidenteibanez.cl\/web\/wp-json\/wp\/v2\/posts"}],"about":[{"href":"https:\/\/www.radiopresidenteibanez.cl\/web\/wp-json\/wp\/v2\/types\/post"}],"author":[{"embeddable":true,"href":"https:\/\/www.radiopresidenteibanez.cl\/web\/wp-json\/wp\/v2\/users\/2"}],"replies":[{"embeddable":true,"href":"https:\/\/www.radiopresidenteibanez.cl\/web\/wp-json\/wp\/v2\/comments?post=16735"}],"version-history":[{"count":0,"href":"https:\/\/www.radiopresidenteibanez.cl\/web\/wp-json\/wp\/v2\/posts\/16735\/revisions"}],"wp:featuredmedia":[{"embeddable":true,"href":"https:\/\/www.radiopresidenteibanez.cl\/web\/wp-json\/wp\/v2\/media\/16736"}],"wp:attachment":[{"href":"https:\/\/www.radiopresidenteibanez.cl\/web\/wp-json\/wp\/v2\/media?parent=16735"}],"wp:term":[{"taxonomy":"category","embeddable":true,"href":"https:\/\/www.radiopresidenteibanez.cl\/web\/wp-json\/wp\/v2\/categories?post=16735"},{"taxonomy":"post_tag","embeddable":true,"href":"https:\/\/www.radiopresidenteibanez.cl\/web\/wp-json\/wp\/v2\/tags?post=16735"}],"curies":[{"name":"wp","href":"https:\/\/api.w.org\/{rel}","templated":true}]}}