{"id":16730,"date":"2020-12-07T01:18:54","date_gmt":"2020-12-07T01:18:54","guid":{"rendered":"https:\/\/www.radiopresidenteibanez.cl\/web\/?p=16730"},"modified":"2020-12-07T01:19:00","modified_gmt":"2020-12-07T01:19:00","slug":"comunidad-indigena-yagan-de-cabo-de-hornos-se-refiere-a-dichos-del-seremi-de-salud-por-aumentos-de-casos-covid-19","status":"publish","type":"post","link":"https:\/\/www.radiopresidenteibanez.cl\/web\/comunidad-indigena-yagan-de-cabo-de-hornos-se-refiere-a-dichos-del-seremi-de-salud-por-aumentos-de-casos-covid-19\/","title":{"rendered":"COMUNIDAD IND\u00cdGENA YAGAN DE CABO DE HORNOS SE REFIERE A DICHOS DEL SEREMI DE SALUD POR AUMENTOS DE CASOS COVID-19"},"content":{"rendered":"\n<p>La comunidad ind\u00edgena yagan de cabo de\nhornos, territorio ancestral del milenario&nbsp;\npueblo yagan declara: <\/p>\n\n\n\n<p>Rechazamos en\u00e9rgicamente y de forma\ncompleta los dichos del se\u00f1or seremi de salud de la regi\u00f3n de Magallanes, &nbsp;presentadas el d\u00eda de ayer 5 de Diciembre del\npresente en los medios de comunicaci\u00f3n regional donde responsabiliza a la\ncomunidad residente del aumento de casos positivos en la isla. <\/p>\n\n\n\n<p>La incompetencia que se present\u00f3 desde un\nprincipio en el manejo de este virus en una peque\u00f1a localidad como la nuestra,\ncon una distancia y separaci\u00f3n del resto de la regi\u00f3n que forma una barrera\nnatural para poder haber permitido un ejemplar manejo, no tuvo cabida, por la\nnecedad de las autoridades a no cerrar la isla. Solo ayer, en pleno aumento de\ncontagios llegan dos vuelos con trabajadores de &nbsp;empresas constructoras, en pleno aumento de\ncasos, un acturar constante en la regi\u00f3n, el privilegio econ\u00f3mico por sobre el\nde la salud, conocida es la r\u00e9plica de esto, en la&nbsp; localidad de Natales donde a pesar de los\naumentos en los contagios que hasta el d\u00eda de hoy no cesan las empresas\nsalmoneras se paseaban por el centro de dicha ciudad. Ac\u00e1 en cabo de hornos se\nmantuvieron por un tiempo los contagios, &nbsp;pero nunca estuvimos tranquilos por el alto y\nconstante flujo de personas \u201c NO RESIDENTES\u201d que llegaban a la isla, una isla\nque solo tuvo por un momento una sola&nbsp;\nentrada, solo por mar a trav\u00e9s del ferry, ins\u00f3lito y muestra de una brutal\nineficiencia el poco control de esta sola entrada, que es la que &nbsp;el seremi debiera estar criticando, por su ineficacia\ny poco riguroso control.<\/p>\n\n\n\n<p>&nbsp;Hoy\nse abusa de los t\u00e9rminos inventados por las autoridades para aumentar el flujo\ny el contacto en esta localidad, que las mismas autoridades encargadas utilizan\npara que sus subalternos ingresen a sus familiares, familiares que jam\u00e1s han estado\nen la isla, esto departe de quienes debieran dar el ejemplo, personal de\ngobernaci\u00f3n y personal de armada, camuflando sus traslados en el ahora nuevo\ntermino inventado\u2026por acto humanitario, este es el t\u00e9rmino que se une a los\nconocidos residentes y esencial, palabras utilizadas y que las autoridades han\nmanipulado de muy mala forma y es la raz\u00f3n del por qu\u00e9 hoy se presenta en un\npueblo tan peque\u00f1o este aumento de contagios.<\/p>\n\n\n\n<p>Hoy 6 de Diciembre son m\u00e1s de 45 los\ncontagios de la pesquera White Land, en nuestra peque\u00f1a comuna, que todos\nsabemos, siempre estuvieron con contagios pero la poca fiscalizaci\u00f3n de parte\nde la autoridad encargada &nbsp;y el poco\ncompromiso de su empleador con la salud de sus trabajadores, da este lamentable\nresultado. Hoy, copando el lugar de residencia para albergar a los nuevos\ncontagiados, se improvisa una ves m\u00e1s. No vamos a referirnos al hospital que a\npesar de un manejo directorio de muy baja capacidad en el pasado hoy pudiera\nliderar esto de buena forma y es lo que solicitamos, por los paup\u00e9rrimos\nresultados expuestos en el control de los contagios por las autoridades\nencargadas en nuestra isla no nos queda mas que confiar en los profesionales\nque creemos debieran llevar y tomar las decisiones entendiendo el punto de\nvista salud y no el econ\u00f3mico como lo que nos expresan hoy las autoridades\nlocales. <\/p>\n\n\n\n<p>Como comunidad ind\u00edgena presentes en el\nterritorio, responsabilizamos a quienes lideran hoy los malos resultados en el\nproceso de resguardo fallido en un reducido y tan aislado lugar como el\nnuestro, hacemos un llamado a la se\u00f1ora Intendenta una ves m\u00e1s, a respetar la\nvida y salud de nuestra comunidad milenaria, recordando que el estado de chile\ndebe por ley proteger la salud de toda persona , decimos proteger porque ya ha\ndemostrado con creces que no es garante de ello.<\/p>\n\n\n\n<p>Hacemos un llamado a la seriedad y\nsinceridad por parte de las autoridades regionales para con el resguardo de los\n\u00faltimos habitantes de este extremo y apartado lugar y ha no buscar culpables y\napuntar con el dedo, &nbsp;sino que adoptar\nlas medidas correctas y teniendo en el centro el resguardo de la vida, no de la\neconom\u00eda.<\/p>\n\n\n\n<p>COMUNIDAD INDIGENA YAGAN DE BAH\u00cdA\nMEJILLONES <\/p>\n\n\n\n<p>CABO DE HORNOS, TERRITORIO ANCESTRAL DEL\nPUEBLO YAGAN.<\/p>\n","protected":false},"excerpt":{"rendered":"<p>La comunidad ind\u00edgena yagan de cabo de hornos, territorio ancestral del milenario&nbsp; pueblo yagan declara: Rechazamos en\u00e9rgicamente y de forma completa los dichos del se\u00f1or seremi de salud de la&#8230; <a class=\"read-more\" href=\"https:\/\/www.radiopresidenteibanez.cl\/web\/comunidad-indigena-yagan-de-cabo-de-hornos-se-refiere-a-dichos-del-seremi-de-salud-por-aumentos-de-casos-covid-19\/\">Leer m\u00e1s<\/a><\/p>\n","protected":false},"author":2,"featured_media":15110,"comment_status":"closed","ping_status":"closed","sticky":false,"template":"","format":"standard","meta":{"footnotes":""},"categories":[1],"tags":[],"class_list":["post-16730","post","type-post","status-publish","format-standard","has-post-thumbnail","hentry","category-cronica"],"_links":{"self":[{"href":"https:\/\/www.radiopresidenteibanez.cl\/web\/wp-json\/wp\/v2\/posts\/16730","targetHints":{"allow":["GET"]}}],"collection":[{"href":"https:\/\/www.radiopresidenteibanez.cl\/web\/wp-json\/wp\/v2\/posts"}],"about":[{"href":"https:\/\/www.radiopresidenteibanez.cl\/web\/wp-json\/wp\/v2\/types\/post"}],"author":[{"embeddable":true,"href":"https:\/\/www.radiopresidenteibanez.cl\/web\/wp-json\/wp\/v2\/users\/2"}],"replies":[{"embeddable":true,"href":"https:\/\/www.radiopresidenteibanez.cl\/web\/wp-json\/wp\/v2\/comments?post=16730"}],"version-history":[{"count":0,"href":"https:\/\/www.radiopresidenteibanez.cl\/web\/wp-json\/wp\/v2\/posts\/16730\/revisions"}],"wp:featuredmedia":[{"embeddable":true,"href":"https:\/\/www.radiopresidenteibanez.cl\/web\/wp-json\/wp\/v2\/media\/15110"}],"wp:attachment":[{"href":"https:\/\/www.radiopresidenteibanez.cl\/web\/wp-json\/wp\/v2\/media?parent=16730"}],"wp:term":[{"taxonomy":"category","embeddable":true,"href":"https:\/\/www.radiopresidenteibanez.cl\/web\/wp-json\/wp\/v2\/categories?post=16730"},{"taxonomy":"post_tag","embeddable":true,"href":"https:\/\/www.radiopresidenteibanez.cl\/web\/wp-json\/wp\/v2\/tags?post=16730"}],"curies":[{"name":"wp","href":"https:\/\/api.w.org\/{rel}","templated":true}]}}