{"id":16728,"date":"2020-12-07T01:30:00","date_gmt":"2020-12-07T01:30:00","guid":{"rendered":"https:\/\/www.radiopresidenteibanez.cl\/web\/?p=16728"},"modified":"2020-12-07T01:16:40","modified_gmt":"2020-12-07T01:16:40","slug":"ganar-perdiendo-por-ernesto-sepulveda-tornero","status":"publish","type":"post","link":"https:\/\/www.radiopresidenteibanez.cl\/web\/ganar-perdiendo-por-ernesto-sepulveda-tornero\/","title":{"rendered":"\u201cGANAR PERDIENDO\u201c por Ernesto Sep\u00falveda Tornero"},"content":{"rendered":"\n<p>No me\nrefiero al f\u00fatbol, tampoco inicio aqu\u00ed una eleg\u00eda al gran \u00eddolo, Maradona, que\ndejara al mundo entero de luto, la semana pasada. Me refiero al triunfo de las\nideas, a pesar de que quienes las propugnan, sean derrotados electoralmente. Y\nesto me viene a la cabeza, a prop\u00f3sito de c\u00f3mo ha derivado el segundo gobierno\nde Pi\u00f1era, hacia algo que nunca quiso ser. A un veh\u00edculo que va movi\u00e9ndose,\npero en que el conductor no decide, el rumbo ni el lugar. A lo m\u00e1s acelera,\nfrena, cambia la marcha. Es la sensaci\u00f3n de estafa que sienten, leg\u00edtimamente a\nmi juicio, los partidarios pol\u00edticos del presidente. La alianza de gobierno que\nlo secund\u00f3 en su deseo de retornar a La Moneda. La sensaci\u00f3n de que ganaron las\nelecciones, para llevar adelante un programa de gobierno distinto, al que se\nles propuso. Ni m\u00e1s ni menos, uno que perfectamente podr\u00eda haber llevado\nadelante un gobierno de sello contrario.<\/p>\n\n\n\n<p>&nbsp;&nbsp;&nbsp;&nbsp;&nbsp;&nbsp;&nbsp;&nbsp;&nbsp;&nbsp;&nbsp;&nbsp;&nbsp;&nbsp;&nbsp;&nbsp;&nbsp;&nbsp;&nbsp;&nbsp;&nbsp;&nbsp;&nbsp;&nbsp;&nbsp;&nbsp;&nbsp; No se trata de sumar\nmec\u00e1nicamente las iniciativas legales, que el congreso, mayoritariamente\nopositor, le ha modificado de ra\u00edz al presidente. Se trata tambi\u00e9n de un cierto\nanimus presidencial, donde aflora es prurito de gritar todos los goles. Los\npropios y los ajenos. La prueba mas evidente, es el proyecto de ley, presentado\nde apuro por el ejecutivo, para detener la marcha de la segunda reforma\nconstitucional, para un retiro del 10% de las AFP. Simplemente, no se resisti\u00f3\na ver \u201cganar\u201d a sus adversarios, concretando un segundo retiro de las\ncacrosantas administradoras de fondos de pensiones. Intent\u00f3 con un proyecto,\nque transformaba en pr\u00e9stamo, el retiro, que fijaba un monto reducido a\nretirar, y con pago de impuestos. Con la batahola que se arm\u00f3, entre sus\npropios partidarios, que amenazaban rechazo, y en la oposici\u00f3n que insist\u00eda en defender\nsu reforma. El gobierno termin\u00f3 cediendo en todo, incluso en el pago de\nimpuestos, que ahora ser\u00e1n obligatorios s\u00f3lo a rentas de un mill\u00f3n y medio y\nsuperiores. Toda una estrategia dise\u00f1ada para retomar el control de la agenda,\nperdida hace&nbsp; mas de un a\u00f1o, termina\nreducida s\u00f3lo al recurso presentado ante el Tribunal Constitucional. Un\nmanotazo de ahogado, incluso si el TC falla en contra, ser\u00eda una victoria\np\u00edrrica para el gobierno. Si cre\u00eda tener la raz\u00f3n, porque abandon\u00f3 a pocos d\u00edas\nsu postura, y adhiri\u00f3 con fuerza a la que ayer rechazaba.<\/p>\n\n\n\n<p>&nbsp;&nbsp;&nbsp;&nbsp;&nbsp;&nbsp;&nbsp;&nbsp;&nbsp;&nbsp;&nbsp;&nbsp;&nbsp;&nbsp;&nbsp;&nbsp;&nbsp;&nbsp;&nbsp;&nbsp;&nbsp;&nbsp;&nbsp;&nbsp;&nbsp;&nbsp;&nbsp;&nbsp;&nbsp;&nbsp;&nbsp;&nbsp;&nbsp;&nbsp;&nbsp;&nbsp;&nbsp;&nbsp;&nbsp;&nbsp;&nbsp; Pero\ntambi\u00e9n en la oposici\u00f3n, se aplica esto de \u201cganar perdiendo, o perder ganando\u201d.\nLa l\u00f3gica del retiro, es una derrota ideol\u00f3gica.&nbsp; El disponer individualmente, de lo que cada\nuno ha podido reunir con sus propias fuerzas, sin importar si el de al lado\ntiene o no tiene. Es el ejemplo m\u00e1s palpable del individualismo. Esa idea,\nelevada a fuerza natural, por los monetaristas, la base del sistema de libre\nmercado. Nada m\u00e1s contrario a las ideas del progresismo. Ideas como luchar por\nun estado de bienestar, financiado por todos, y que consagre y reconozca\nderechos sociales. La idea de una pensi\u00f3n digna y suficiente, otorgada por un\nsistema de seguridad social, con universalidad, y financiamiento tripartito. De\nun paraguazo y con entusiasmo infantil, pol\u00edticos de plateados cabellos, junto\na j\u00f3venes y rozagantes pol\u00edticos de nuevo cu\u00f1o, celebrando alborozados, el\nhaber aprobado un nuevo retiro.<\/p>\n\n\n\n<p>&nbsp;&nbsp;&nbsp;&nbsp;&nbsp;&nbsp;&nbsp;&nbsp;&nbsp;&nbsp;&nbsp;&nbsp;&nbsp;&nbsp;&nbsp;&nbsp;&nbsp;&nbsp;&nbsp;&nbsp;&nbsp;&nbsp;&nbsp;&nbsp;&nbsp;&nbsp;&nbsp;&nbsp;&nbsp;&nbsp;&nbsp;&nbsp;&nbsp;&nbsp;&nbsp;&nbsp;&nbsp;&nbsp;&nbsp;&nbsp;&nbsp; Yo\ncreo firmemente en la libertad de las personas, incluso para disponer de sus\npropios fondos. Pero no celebro como un triunfo que esto suceda, ya que es la\nconstataci\u00f3n del fracaso del estado, en brindar apoyo a vastas masas de\npersonas de la clase media. Un fracaso de las pol\u00edticas p\u00fablicas impulsadas por\neste gobierno, pero tambi\u00e9n un fracaso de la oposici\u00f3n, que termina claudicando\nen el mercado la protecci\u00f3n social, que el estado debe garantizar.<\/p>\n\n\n\n<p>&nbsp;&nbsp;&nbsp;&nbsp;&nbsp;&nbsp;&nbsp;&nbsp;&nbsp;&nbsp;&nbsp;&nbsp;&nbsp;&nbsp;&nbsp;&nbsp;&nbsp;&nbsp;&nbsp;&nbsp;&nbsp;&nbsp;&nbsp;&nbsp;&nbsp;&nbsp;&nbsp;&nbsp;&nbsp;&nbsp;&nbsp;&nbsp;&nbsp;&nbsp;&nbsp;&nbsp;&nbsp;&nbsp;&nbsp;&nbsp;&nbsp; Como\nlo vengo repitiendo hace un tiempo, en una mirada hist\u00f3rica, de largo plazo,\nlos tiempos que hoy vivimos en Chile, corresponden a los de un cambio de ciclo.\nLas frustraciones de al menos un par de generaciones, hacen eclosi\u00f3n ahora,\npara exigir su parte. No sabemos bien a\u00fan, si esas m\u00faltiples expresiones de\nrechazo al orden de cosas, construido en los \u00faltimos 30 a\u00f1os, lograr\u00e1\nconsolidarse como una alternativa pol\u00edtica. Las fuerzas del progresismo, las\nfuerzas de centro izquierda, deben encontrar la forma de conciliar, esas\nenerg\u00edas de una mayor\u00eda insatisfecha, con una propuesta de futuro. Esta\npropuesta, esta proyecci\u00f3n debe ser capaz de rescatar lo mejor de todos. No es\nmomento de maximalismos. Chile no avanzar\u00e1 hacia un modelo chavista, ni a una\ndictadura de partido \u00fanico. Tampoco volveremos al gobierno de los ultra ricos y\npoderosos. Nos queda un enorme espacio, en esas mayor\u00edas, trabajadoras, que\naspiran a sostener con dignidad a sus familias. Que esperan no pasar zozobras,\nni temores, cada vez que se pierde el empleo, o alg\u00fan familiar enferma.<\/p>\n\n\n\n<p>&nbsp;&nbsp;&nbsp;&nbsp;&nbsp;&nbsp;&nbsp;&nbsp;&nbsp;&nbsp;&nbsp;&nbsp;&nbsp;&nbsp;&nbsp;&nbsp;&nbsp;&nbsp;&nbsp;&nbsp;&nbsp;&nbsp;&nbsp;&nbsp;&nbsp;&nbsp;&nbsp;&nbsp;&nbsp;&nbsp;&nbsp;&nbsp;&nbsp;&nbsp;&nbsp;&nbsp;&nbsp;&nbsp;&nbsp;&nbsp;&nbsp; Hay\nque asumir con humildad los errores. Ganar con ideas ajenas, no tiene m\u00e9rito\nalguno, y es un enga\u00f1o a los electores. Pero saber conciliar las ideas propias,\ncon las mejores, incluso de los adversarios. Eso, es lo que hace grandes a las\nnaciones.<\/p>\n\n\n\n<p>&nbsp;&nbsp;&nbsp;&nbsp;&nbsp;&nbsp;&nbsp;&nbsp;&nbsp;&nbsp;&nbsp;&nbsp;&nbsp;&nbsp;&nbsp;&nbsp;&nbsp;&nbsp;&nbsp;&nbsp;&nbsp;&nbsp;&nbsp;&nbsp;&nbsp;&nbsp;&nbsp;&nbsp;&nbsp;&nbsp;&nbsp;&nbsp;&nbsp;&nbsp;&nbsp;&nbsp;&nbsp;&nbsp;&nbsp;&nbsp;&nbsp; Es lo\nque recordaba ayer el presidente Lagos, a prop\u00f3sito de la partida de Tabar\u00e9\nV\u00e1squez ex presidente de Uruguay. \u201cEl supo conciliar a sectores distintos, para\nconstruir una mayor\u00eda. \u00c9l supo reconocer que el adversario tambi\u00e9n pod\u00eda tener\nla raz\u00f3n. Ese fue su gran aporte a la democracia en Latinoam\u00e9rica\u201d.&nbsp; <\/p>\n\n\n\n<p>Ernesto\nSep\u00falveda Tornero<\/p>\n","protected":false},"excerpt":{"rendered":"<p>No me refiero al f\u00fatbol, tampoco inicio aqu\u00ed una eleg\u00eda al gran \u00eddolo, Maradona, que dejara al mundo entero de luto, la semana pasada. Me refiero al triunfo de las&#8230; <a class=\"read-more\" href=\"https:\/\/www.radiopresidenteibanez.cl\/web\/ganar-perdiendo-por-ernesto-sepulveda-tornero\/\">Leer m\u00e1s<\/a><\/p>\n","protected":false},"author":2,"featured_media":2310,"comment_status":"closed","ping_status":"closed","sticky":false,"template":"","format":"standard","meta":{"footnotes":""},"categories":[1],"tags":[],"class_list":["post-16728","post","type-post","status-publish","format-standard","has-post-thumbnail","hentry","category-cronica"],"_links":{"self":[{"href":"https:\/\/www.radiopresidenteibanez.cl\/web\/wp-json\/wp\/v2\/posts\/16728","targetHints":{"allow":["GET"]}}],"collection":[{"href":"https:\/\/www.radiopresidenteibanez.cl\/web\/wp-json\/wp\/v2\/posts"}],"about":[{"href":"https:\/\/www.radiopresidenteibanez.cl\/web\/wp-json\/wp\/v2\/types\/post"}],"author":[{"embeddable":true,"href":"https:\/\/www.radiopresidenteibanez.cl\/web\/wp-json\/wp\/v2\/users\/2"}],"replies":[{"embeddable":true,"href":"https:\/\/www.radiopresidenteibanez.cl\/web\/wp-json\/wp\/v2\/comments?post=16728"}],"version-history":[{"count":0,"href":"https:\/\/www.radiopresidenteibanez.cl\/web\/wp-json\/wp\/v2\/posts\/16728\/revisions"}],"wp:featuredmedia":[{"embeddable":true,"href":"https:\/\/www.radiopresidenteibanez.cl\/web\/wp-json\/wp\/v2\/media\/2310"}],"wp:attachment":[{"href":"https:\/\/www.radiopresidenteibanez.cl\/web\/wp-json\/wp\/v2\/media?parent=16728"}],"wp:term":[{"taxonomy":"category","embeddable":true,"href":"https:\/\/www.radiopresidenteibanez.cl\/web\/wp-json\/wp\/v2\/categories?post=16728"},{"taxonomy":"post_tag","embeddable":true,"href":"https:\/\/www.radiopresidenteibanez.cl\/web\/wp-json\/wp\/v2\/tags?post=16728"}],"curies":[{"name":"wp","href":"https:\/\/api.w.org\/{rel}","templated":true}]}}