{"id":16725,"date":"2020-12-06T19:08:39","date_gmt":"2020-12-06T19:08:39","guid":{"rendered":"https:\/\/www.radiopresidenteibanez.cl\/web\/?p=16725"},"modified":"2020-12-06T19:08:45","modified_gmt":"2020-12-06T19:08:45","slug":"primarias-legales-un-mecanismo-que-llego-para-quedarse-por-eliecer-bahamondez-mansilla","status":"publish","type":"post","link":"https:\/\/www.radiopresidenteibanez.cl\/web\/primarias-legales-un-mecanismo-que-llego-para-quedarse-por-eliecer-bahamondez-mansilla\/","title":{"rendered":"\u00abPRIMARIAS LEGALES: UN MECANISMO QUE LLEGO PARA QUEDARSE\u00bb  por Eliecer Bahamondez Mansilla"},"content":{"rendered":"\n<p>El 29 de\nnoviembre reci\u00e9n pasado m\u00e1s de 6000 magall\u00e1nicas y magall\u00e1nicos concurrieron a\nlas urnas para elegir el candidato a Gobernador Regional de Unidad\nConstituyente (coalici\u00f3n conformada por la DC, PS, PR, PPD, P Progresista y\nCiudadanos). Lo hicieron en medio de la Cuarentena, con las restricciones que\nello implica, con nula gesti\u00f3n y convocatoria por parte del Gobierno y con un\nrol bastante pasivo del SERVEL. Sumado al desconocimiento que en importantes\nsectores de la poblaci\u00f3n existen sobre la significancia de la elecci\u00f3n que el\npa\u00eds vivir\u00e1 en abril pr\u00f3ximo, sobre el rol, atribuciones y presupuesto que tendr\u00e1\nla pr\u00f3xima autoridad regional.<\/p>\n\n\n\n<p>Tema no\nmenor si consideramos que el Gobernador Regional entre otras funciones va a\ntener que:&nbsp; formular pol\u00edticas de\ndesarrollo de la regi\u00f3n, considerando las pol\u00edticas y planes comunales\nrespectivos, someter al consejo regional las pol\u00edticas, estrategias y proyectos\nde planes regionales de desarrollo y sus modificaciones; someter al consejo\nregional el proyecto de presupuesto del respectivo gobierno regional; promulgar,\nprevio acuerdo del consejo regional, el plan regional de ordenamiento\nterritorial, los planes reguladores metropolitanos e intercomunales, comunales\ny seccionales y los planos de detalle de planes reguladores intercomunales.<\/p>\n\n\n\n<p>En este\nescenario, Jorge Flies obtuvo un triunfo inapelable con el 68% de los votos y\nencamin\u00e1ndose a paso firme a transformarse en el pr\u00f3ximo Gobernador Regional. A\npartir de su triunfo, las barras bravas del rechazo de octubre pasado y los\nsectores m\u00e1s conservadores de la derecha regional salieron a criticar la\nrepresentatividad de dicha cita democr\u00e1tica y a compararla malintencionadamente\ncon el plebiscito constitucional. No existe comparaci\u00f3n posible entre ambos\neventos dado el car\u00e1cter universal de uno y el otro solo restringido al mundo\nmilitante e independiente de los convocados por la coalici\u00f3n Unidad\nConstituyente.<\/p>\n\n\n\n<p>Si\ncomparamos como corresponde entre eventos similares, el a\u00f1o 2012 se realiz\u00f3 la\nprimera Primaria para elegir candidato a alcalde participaron alrededor de\n8.500 habitantes de la comuna de Punta Arenas, el a\u00f1o 2016 se desarroll\u00f3 una\nconsulta ciudadana en la que participaron m\u00e1s de 5.000 habitantes de la comuna\nde Punta Arenas. En ambos eventos nuestra regi\u00f3n se encontraba en plena\nnormalidad sanitaria, no exist\u00eda ning\u00fan tipo de restricci\u00f3n y existi\u00f3 profusa\npropaganda en los medios y sobre todo lo que es clave en estos procesos, un\namplio despliegue territorial de los candidatos. Nada comparado con la\ncomunicaci\u00f3n v\u00eda online que se ha transformado en la normalidad de los tiempos\nde Pandemia.<\/p>\n\n\n\n<p>Por otro\nlado, resulta parad\u00f3jico el inter\u00e9s de los representantes del mal gobierno de\ncuestionar la participaci\u00f3n, siendo que a pocos meses del proceso eleccionario,\na\u00fan no son capaces de arribar a acuerdo sobre su candidato o candidata, siendo\nque es tan simple como convocar una Video Conferencia para que entre los tres o\ncuatro timoneles se pongan de acuerdo, lo que representa la pr\u00e1ctica m\u00e1s\nrechazada por la ciudadan\u00eda para nominar los candidatos a cargos de\nrepresentaci\u00f3n popular. <\/p>\n\n\n\n<p>Qu\u00e9 duda\ncabe que m\u00e1s de 6.000 ciudadanas y ciudadanos eligiendo son m\u00e1s representativos\nque cuatro electores, que significado m\u00e1s profundamente democr\u00e1tico,\nrepublicano y central en el ejercicio de la participaci\u00f3n es que el colectivo\npueda con su voto elegir a sus representantes, como no va a ser relevante que\nlos habitantes de Puerto Ed\u00e9n, Cabo de Hornos, R\u00edo Verde y las otras comunas de\nnuestra regi\u00f3n concurran con su voto a manifestar &nbsp;su opini\u00f3n y hacer ejercicio de la soberan\u00eda popular.<\/p>\n\n\n\n<p>Que pueden\nentender de democracia los que nunca la han practicado, los que siempre han\noptado por restringirla, para ellos sobre todos van dirigidas est\u00e1s palabras:\n<strong>Una papeleta de voto es m\u00e1s fuerte que una bala de fusil.\n(Abraham Lincoln)<\/strong><\/p>\n\n\n\n<p><strong>ELIECER BAHAMONDEZ MANSILLA<\/strong><\/p>\n\n\n\n<p><strong>COLECTIVO VANGUARDIA COMUNITARIA<\/strong><\/p>\n","protected":false},"excerpt":{"rendered":"<p>El 29 de noviembre reci\u00e9n pasado m\u00e1s de 6000 magall\u00e1nicas y magall\u00e1nicos concurrieron a las urnas para elegir el candidato a Gobernador Regional de Unidad Constituyente (coalici\u00f3n conformada por la&#8230; <a class=\"read-more\" href=\"https:\/\/www.radiopresidenteibanez.cl\/web\/primarias-legales-un-mecanismo-que-llego-para-quedarse-por-eliecer-bahamondez-mansilla\/\">Leer m\u00e1s<\/a><\/p>\n","protected":false},"author":2,"featured_media":15186,"comment_status":"closed","ping_status":"closed","sticky":false,"template":"","format":"standard","meta":{"footnotes":""},"categories":[1],"tags":[],"class_list":["post-16725","post","type-post","status-publish","format-standard","has-post-thumbnail","hentry","category-cronica"],"_links":{"self":[{"href":"https:\/\/www.radiopresidenteibanez.cl\/web\/wp-json\/wp\/v2\/posts\/16725","targetHints":{"allow":["GET"]}}],"collection":[{"href":"https:\/\/www.radiopresidenteibanez.cl\/web\/wp-json\/wp\/v2\/posts"}],"about":[{"href":"https:\/\/www.radiopresidenteibanez.cl\/web\/wp-json\/wp\/v2\/types\/post"}],"author":[{"embeddable":true,"href":"https:\/\/www.radiopresidenteibanez.cl\/web\/wp-json\/wp\/v2\/users\/2"}],"replies":[{"embeddable":true,"href":"https:\/\/www.radiopresidenteibanez.cl\/web\/wp-json\/wp\/v2\/comments?post=16725"}],"version-history":[{"count":0,"href":"https:\/\/www.radiopresidenteibanez.cl\/web\/wp-json\/wp\/v2\/posts\/16725\/revisions"}],"wp:featuredmedia":[{"embeddable":true,"href":"https:\/\/www.radiopresidenteibanez.cl\/web\/wp-json\/wp\/v2\/media\/15186"}],"wp:attachment":[{"href":"https:\/\/www.radiopresidenteibanez.cl\/web\/wp-json\/wp\/v2\/media?parent=16725"}],"wp:term":[{"taxonomy":"category","embeddable":true,"href":"https:\/\/www.radiopresidenteibanez.cl\/web\/wp-json\/wp\/v2\/categories?post=16725"},{"taxonomy":"post_tag","embeddable":true,"href":"https:\/\/www.radiopresidenteibanez.cl\/web\/wp-json\/wp\/v2\/tags?post=16725"}],"curies":[{"name":"wp","href":"https:\/\/api.w.org\/{rel}","templated":true}]}}