{"id":16722,"date":"2020-12-07T04:00:00","date_gmt":"2020-12-07T04:00:00","guid":{"rendered":"https:\/\/www.radiopresidenteibanez.cl\/web\/?p=16722"},"modified":"2020-12-06T15:38:46","modified_gmt":"2020-12-06T15:38:46","slug":"ips-invita-a-la-comunidad-a-participar-de-la-consulta-ciudadana-2020","status":"publish","type":"post","link":"https:\/\/www.radiopresidenteibanez.cl\/web\/ips-invita-a-la-comunidad-a-participar-de-la-consulta-ciudadana-2020\/","title":{"rendered":"IPS INVITA A LA COMUNIDAD A PARTICIPAR DE LA CONSULTA CIUDADANA 2020"},"content":{"rendered":"\n<p>\u00bfUsted ha realizado tr\u00e1mites por Internet? o \u00bfC\u00f3mo fue su experiencia\nal hacerlo?, son algunas de las preguntas que las personas podr\u00e1n responder en\nesta versi\u00f3n de la Consulta Ciudadana del Instituto de Previsi\u00f3n Social (IPS) y\nsu red de atenci\u00f3n ChileAtiende.<\/p>\n\n\n\n<p>En un contexto tan especial como el que estamos viviendo\nhoy, debido a la crisis sanitaria producto del COVID- 19, el objetivo es\nconocer c\u00f3mo se relacionan las y los usuarios con los tr\u00e1mites digitales que\npueden realizar en nuestros portales www.ips.gob.cl, www.ipsenlinea.cl y\nwww.chileatiende.cl, de modo de recabar informaci\u00f3n que nos permita mejorar la\ncalidad del servicio que entregamos a las personas.<\/p>\n\n\n\n<p>\u201cEstamos muy interesados en que la comunidad magall\u00e1nica\npueda participar de esta consulta, ya que para nosotros es prioritario conocer\nsu percepci\u00f3n respecto a los tr\u00e1mites digitales. Sabemos que el actual contexto\nsanitario nos insta a poder facilitar lo m\u00e1ximo posible los tr\u00e1mites a trav\u00e9s\nde las plataformas virtuales y por eso, la opini\u00f3n ciudadana es muy relevante\u201d,\nafirm\u00f3 el director regional del IPS, Eduardo Barahona Komptazki.<\/p>\n\n\n\n<p>Recordemos que la Consulta Ciudadana es uno de los\nmecanismos que promueven la participaci\u00f3n de la ciudadan\u00eda en la gesti\u00f3n\np\u00fablica, de acuerdo a la normativa vigente -Ley N\u00b0 20.500 e Instructivo\nPresidencial N\u00b0 7 de agosto 2014 -, y para el Instituto de Previsi\u00f3n Social\nconstituye un espacio para recoger los distintos puntos de vista de las\npersonas.<\/p>\n\n\n\n<p>\u00bfC\u00f3mo participar en esta versi\u00f3n?<\/p>\n\n\n\n<p>La Consulta Ciudadana estar\u00e1 disponible en el sitio web\nwww.ips.gob.cl hasta el 9 de diciembre, por lo que las personas pueden ingresar\ny responder las preguntas de forma digital.<\/p>\n\n\n\n<p>Tambi\u00e9n existir\u00e1 la posibilidad de participar\npresencialmente contestando la encuesta que estar\u00e1 disponible en algunas\nsucursales ChileAtiende del IPS a lo largo del pa\u00eds. Sin embargo, el llamado\neste a\u00f1o es a responder la encuesta en l\u00ednea, como medida de autocuidado para\nno exponerse en forma presencial.<\/p>\n","protected":false},"excerpt":{"rendered":"<p>\u00bfUsted ha realizado tr\u00e1mites por Internet? o \u00bfC\u00f3mo fue su experiencia al hacerlo?, son algunas de las preguntas que las personas podr\u00e1n responder en esta versi\u00f3n de la Consulta Ciudadana&#8230; <a class=\"read-more\" href=\"https:\/\/www.radiopresidenteibanez.cl\/web\/ips-invita-a-la-comunidad-a-participar-de-la-consulta-ciudadana-2020\/\">Leer m\u00e1s<\/a><\/p>\n","protected":false},"author":2,"featured_media":9195,"comment_status":"closed","ping_status":"closed","sticky":false,"template":"","format":"standard","meta":{"footnotes":""},"categories":[1],"tags":[],"class_list":["post-16722","post","type-post","status-publish","format-standard","has-post-thumbnail","hentry","category-cronica"],"_links":{"self":[{"href":"https:\/\/www.radiopresidenteibanez.cl\/web\/wp-json\/wp\/v2\/posts\/16722","targetHints":{"allow":["GET"]}}],"collection":[{"href":"https:\/\/www.radiopresidenteibanez.cl\/web\/wp-json\/wp\/v2\/posts"}],"about":[{"href":"https:\/\/www.radiopresidenteibanez.cl\/web\/wp-json\/wp\/v2\/types\/post"}],"author":[{"embeddable":true,"href":"https:\/\/www.radiopresidenteibanez.cl\/web\/wp-json\/wp\/v2\/users\/2"}],"replies":[{"embeddable":true,"href":"https:\/\/www.radiopresidenteibanez.cl\/web\/wp-json\/wp\/v2\/comments?post=16722"}],"version-history":[{"count":0,"href":"https:\/\/www.radiopresidenteibanez.cl\/web\/wp-json\/wp\/v2\/posts\/16722\/revisions"}],"wp:featuredmedia":[{"embeddable":true,"href":"https:\/\/www.radiopresidenteibanez.cl\/web\/wp-json\/wp\/v2\/media\/9195"}],"wp:attachment":[{"href":"https:\/\/www.radiopresidenteibanez.cl\/web\/wp-json\/wp\/v2\/media?parent=16722"}],"wp:term":[{"taxonomy":"category","embeddable":true,"href":"https:\/\/www.radiopresidenteibanez.cl\/web\/wp-json\/wp\/v2\/categories?post=16722"},{"taxonomy":"post_tag","embeddable":true,"href":"https:\/\/www.radiopresidenteibanez.cl\/web\/wp-json\/wp\/v2\/tags?post=16722"}],"curies":[{"name":"wp","href":"https:\/\/api.w.org\/{rel}","templated":true}]}}