{"id":1672,"date":"2019-02-27T17:36:50","date_gmt":"2019-02-27T17:36:50","guid":{"rendered":"http:\/\/www.radiopresidenteibanez.cl\/web\/?p=1672"},"modified":"2019-02-27T17:37:34","modified_gmt":"2019-02-27T17:37:34","slug":"programacion-expogama-2019","status":"publish","type":"post","link":"https:\/\/www.radiopresidenteibanez.cl\/web\/programacion-expogama-2019\/","title":{"rendered":"PROGRAMACI\u00d3N EXPOGAMA 2019"},"content":{"rendered":"\n<p><strong>Viernes 1 de Marzo<\/strong><\/p>\n\n\n\n<p>09:00 hrs. Jura Ovinos &#8211; Animales criados a campo&nbsp;&nbsp;&nbsp;&nbsp;&nbsp;&nbsp;&nbsp;&nbsp;&nbsp;&nbsp;&nbsp;&nbsp;&nbsp;&nbsp;&nbsp;&nbsp;&nbsp;&nbsp;&nbsp;&nbsp;&nbsp;&nbsp;&nbsp;&nbsp;&nbsp;&nbsp;&nbsp;&nbsp;&nbsp;&nbsp; <\/p>\n\n\n\n<p>10:10 hrs. Inicio recorrido recinto con gu\u00eda biling\u00fce.\nVisita caba\u00f1as y animales<\/p>\n\n\n\n<p>11:00 hrs. Muestra Esquila y Artesanas Hilanderas&nbsp;&nbsp; <\/p>\n\n\n\n<p>11:30 hrs. Show folcl\u00f3rico&nbsp;&nbsp;&nbsp;&nbsp;&nbsp;&nbsp;&nbsp;&nbsp;&nbsp;&nbsp;&nbsp;&nbsp;&nbsp;&nbsp;&nbsp;&nbsp;&nbsp;&nbsp;&nbsp;&nbsp; &nbsp;&nbsp;&nbsp;&nbsp;&nbsp;&nbsp;&nbsp;&nbsp;&nbsp;&nbsp;&nbsp;&nbsp;&nbsp;&nbsp;&nbsp;&nbsp;&nbsp;&nbsp;&nbsp;&nbsp;&nbsp;&nbsp;&nbsp;&nbsp;&nbsp;&nbsp;&nbsp;&nbsp;&nbsp;&nbsp;&nbsp;&nbsp;&nbsp;&nbsp;&nbsp;&nbsp;&nbsp;&nbsp;&nbsp;&nbsp;&nbsp;&nbsp;&nbsp;&nbsp;&nbsp;&nbsp;&nbsp;&nbsp;&nbsp;&nbsp;&nbsp;&nbsp;&nbsp;&nbsp;&nbsp;&nbsp; <\/p>\n\n\n\n<p>12:30 hrs. Inicio recorrido recinto con gu\u00eda biling\u00fce.\nVisita caba\u00f1as y animales&nbsp;&nbsp;&nbsp;&nbsp;&nbsp;&nbsp;&nbsp;&nbsp;&nbsp;&nbsp;&nbsp;&nbsp;&nbsp;&nbsp;&nbsp;&nbsp;&nbsp;&nbsp;&nbsp;&nbsp;&nbsp;&nbsp;&nbsp;&nbsp; <\/p>\n\n\n\n<p>13:00 hrs. Muestra Esquila y Artesanas Hilanderas&nbsp;&nbsp;&nbsp;&nbsp;&nbsp;&nbsp;&nbsp;&nbsp;&nbsp;&nbsp;&nbsp;&nbsp;&nbsp;&nbsp;&nbsp;&nbsp;&nbsp;&nbsp;&nbsp;&nbsp;&nbsp;&nbsp;&nbsp;&nbsp;&nbsp;&nbsp;&nbsp;&nbsp;&nbsp;&nbsp; <\/p>\n\n\n\n<p>13:30 hrs. Show folcl\u00f3rico&nbsp;&nbsp;&nbsp;&nbsp;&nbsp;&nbsp;&nbsp;&nbsp;&nbsp;&nbsp;&nbsp;&nbsp;&nbsp;&nbsp;&nbsp;&nbsp;&nbsp;&nbsp;&nbsp;&nbsp; <\/p>\n\n\n\n<p>14:00 hrs. Inicio recorrido recinto\ncon gu\u00eda biling\u00fce. Visita caba\u00f1as y animales<\/p>\n\n\n\n<p>15:00 hrs. Jura Ovinos &#8211; Animales criados a galp\u00f3n.&nbsp;&nbsp;&nbsp;&nbsp;&nbsp;&nbsp;&nbsp;&nbsp;&nbsp;&nbsp;&nbsp;&nbsp;&nbsp;&nbsp;&nbsp; <\/p>\n\n\n\n<p>15:00 hrs. Muestra Esquila y Artesanas Hilanderas y\nvisita Organizaciones Sociales y Turistas<\/p>\n\n\n\n<p>15:00 hrs. Inicio Rueda de Negocios<\/p>\n\n\n\n<p>15:30 hrs. Show folcl\u00f3rico&nbsp;&nbsp;&nbsp;&nbsp;&nbsp;&nbsp; <\/p>\n\n\n\n<p>16:30 hrs. Inicio recorrido recinto con gu\u00eda biling\u00fce.\nVisita caba\u00f1as y animales&nbsp;&nbsp;&nbsp;&nbsp;&nbsp;&nbsp;&nbsp;&nbsp;&nbsp;&nbsp;&nbsp;&nbsp;&nbsp;&nbsp;&nbsp;&nbsp;&nbsp;&nbsp;&nbsp;&nbsp;&nbsp;&nbsp;&nbsp;&nbsp; <\/p>\n\n\n\n<p>17:00 hrs. Muestra Esquila y Artesanas Hilanderas&nbsp;&nbsp;&nbsp;&nbsp;&nbsp;&nbsp;&nbsp;&nbsp;&nbsp;&nbsp;&nbsp;&nbsp;&nbsp;&nbsp;&nbsp;&nbsp;&nbsp;&nbsp;&nbsp;&nbsp;&nbsp;&nbsp;&nbsp;&nbsp;&nbsp;&nbsp;&nbsp;&nbsp;&nbsp;&nbsp; <\/p>\n\n\n\n<p>17:30 hrs. Show folcl\u00f3rico<\/p>\n\n\n\n<p><strong>S\u00e1bado 2 de Marzo<\/strong><\/p>\n\n\n\n<p>09:00 hrs. Jura Ovinos &#8211; Animales Corriedale&nbsp;&nbsp;&nbsp;&nbsp;&nbsp;&nbsp;&nbsp;&nbsp;&nbsp;&nbsp;&nbsp;&nbsp;&nbsp;&nbsp;&nbsp;&nbsp;&nbsp;&nbsp;&nbsp;&nbsp;&nbsp;&nbsp;&nbsp;&nbsp;&nbsp;&nbsp;&nbsp;&nbsp;&nbsp;&nbsp;&nbsp;&nbsp;&nbsp;&nbsp;&nbsp;&nbsp;&nbsp;&nbsp;&nbsp;&nbsp;&nbsp;&nbsp; <\/p>\n\n\n\n<p>11:00 hrs. Folclore Patag\u00f3nico&nbsp;&nbsp;&nbsp;&nbsp;&nbsp;&nbsp;&nbsp;&nbsp;&nbsp;&nbsp;&nbsp;&nbsp;&nbsp;&nbsp;&nbsp;&nbsp;&nbsp;&nbsp;&nbsp;&nbsp;&nbsp;&nbsp;&nbsp;&nbsp;&nbsp;&nbsp; <\/p>\n\n\n\n<p>12:00 hrs. Muestra Esquila y Artesanas Hilanderas<\/p>\n\n\n\n<p>14:00 hrs. Inauguraci\u00f3n Sal\u00f3n Gourmet (CORFO)&nbsp;&nbsp;&nbsp;&nbsp;&nbsp;&nbsp;&nbsp;&nbsp;&nbsp;&nbsp;&nbsp;&nbsp;&nbsp;&nbsp;&nbsp;&nbsp;&nbsp;&nbsp;&nbsp; <\/p>\n\n\n\n<p>14:15 hrs. Demostraci\u00f3n Salto Ecuestre Ej\u00e9rcito de Chile<\/p>\n\n\n\n<p>15:00 hrs. Jura Ovinos &#8211; Animales Corriedale <\/p>\n\n\n\n<p>&nbsp;&nbsp;&nbsp;&nbsp;&nbsp;&nbsp;&nbsp;&nbsp;&nbsp;&nbsp;&nbsp;&nbsp;&nbsp; &nbsp;&nbsp;&nbsp;&nbsp; Jura de vellones<\/p>\n\n\n\n<p>&nbsp;&nbsp;&nbsp;&nbsp; Exhibici\u00f3n de vellones<\/p>\n\n\n\n<p>15:30 hrs. Folclore Patag\u00f3nico&nbsp;&nbsp;&nbsp;&nbsp;&nbsp;&nbsp;&nbsp;&nbsp;&nbsp;&nbsp;&nbsp;&nbsp; <\/p>\n\n\n\n<p>16:00 hrs. Jura toros Angus&nbsp;&nbsp;&nbsp;&nbsp;&nbsp;&nbsp;&nbsp;&nbsp;&nbsp;&nbsp;&nbsp;&nbsp;&nbsp;&nbsp;&nbsp;&nbsp;&nbsp;&nbsp;&nbsp;&nbsp;&nbsp;&nbsp;&nbsp;&nbsp;&nbsp;&nbsp;&nbsp;&nbsp;&nbsp;&nbsp;&nbsp; <\/p>\n\n\n\n<p>16:30 hrs. Muestra Esquila y Artesanas Hilanderas&nbsp;&nbsp;&nbsp;&nbsp;&nbsp;&nbsp;&nbsp;&nbsp;&nbsp;&nbsp;&nbsp;&nbsp;&nbsp;&nbsp;&nbsp;&nbsp; <\/p>\n\n\n\n<p>17:30 hrs. Jura de los Grandes Campeones de raza\nCorriedale<\/p>\n\n\n\n<p>18:00 hrs. Folclore Patag\u00f3nico<\/p>\n\n\n\n<p>21:00 hrs. Cena Inauguraci\u00f3n &nbsp;&nbsp;&nbsp;&nbsp;&nbsp;&nbsp;&nbsp;&nbsp;&nbsp;&nbsp;&nbsp;&nbsp;&nbsp;&nbsp;&nbsp;&nbsp;&nbsp;&nbsp;&nbsp;&nbsp;&nbsp;&nbsp;&nbsp;&nbsp;&nbsp;&nbsp;&nbsp;&nbsp;&nbsp;&nbsp;&nbsp;&nbsp;&nbsp;&nbsp;&nbsp;&nbsp;&nbsp;&nbsp;&nbsp;&nbsp;&nbsp;&nbsp;&nbsp;&nbsp;&nbsp;&nbsp;&nbsp;&nbsp;&nbsp;&nbsp;&nbsp;&nbsp;&nbsp;&nbsp;&nbsp; <\/p>\n\n\n\n<p><strong>Domingo 3 de Marzo<\/strong><\/p>\n\n\n\n<p>10:30 hrs. Firma de convenio SAG<\/p>\n\n\n\n<p>11:00 hrs. Acto Oficial 67 EXPOGAMA 2019<\/p>\n\n\n\n<p>&nbsp;&nbsp;&nbsp;&nbsp;&nbsp;&nbsp;&nbsp;&nbsp;&nbsp;&nbsp;&nbsp;&nbsp;&nbsp; &nbsp;&nbsp;&nbsp;&nbsp;&nbsp;&nbsp;&nbsp;&nbsp;&nbsp;&nbsp;&nbsp;&nbsp;&nbsp; <em>Maestro ceremonia Sr. Patricio Mladinic<\/em><\/p>\n\n\n\n<p>&nbsp;&nbsp;&nbsp;&nbsp;&nbsp;&nbsp;&nbsp;&nbsp;&nbsp;&nbsp;&nbsp;&nbsp;&nbsp;&nbsp;&nbsp;&nbsp;&nbsp;&nbsp;&nbsp;&nbsp;&nbsp;&nbsp;&nbsp;&nbsp;&nbsp;&nbsp;&nbsp; Apertura\ny saludos protocolares<\/p>\n\n\n\n<p>&nbsp;&nbsp;&nbsp;&nbsp;&nbsp;&nbsp;&nbsp;&nbsp;&nbsp;&nbsp;&nbsp;&nbsp;&nbsp;&nbsp;&nbsp;&nbsp;&nbsp;&nbsp;&nbsp;&nbsp;&nbsp;&nbsp;&nbsp;&nbsp;&nbsp;&nbsp;&nbsp; Izamiento\npabell\u00f3n patrio (Himno nacional)<\/p>\n\n\n\n<p>Palabras Presidente\nASOGAMA Sra. Grani Martic L.<\/p>\n\n\n\n<p>Palabras Ministro\nAgricultura Sr. Antonio Walker <\/p>\n\n\n\n<p>Entrega Manual Buenas\nPr\u00e1cticas Ganaderas<\/p>\n\n\n\n<p>Homenaje Ganadero\nDestacado<\/p>\n\n\n\n<p>Homenaje Sr. Juan Carlos\nCavada<\/p>\n\n\n\n<p>Premiaci\u00f3n ejemplares&nbsp;&nbsp;&nbsp;&nbsp;&nbsp;&nbsp;&nbsp;&nbsp;&nbsp;&nbsp;&nbsp;&nbsp;&nbsp;&nbsp;&nbsp;&nbsp;&nbsp;&nbsp;&nbsp;&nbsp;&nbsp;&nbsp;&nbsp;&nbsp;&nbsp;&nbsp;&nbsp;&nbsp;&nbsp;&nbsp;&nbsp;&nbsp;&nbsp;&nbsp;&nbsp;&nbsp;&nbsp;&nbsp;&nbsp;&nbsp; <\/p>\n\n\n\n<p>13:00 hrs. Punto de Prensa <\/p>\n\n\n\n<p>12:15 hrs. Recorrido recinto&nbsp;&nbsp;&nbsp;&nbsp;&nbsp;&nbsp;&nbsp;&nbsp;&nbsp;&nbsp;&nbsp;&nbsp;&nbsp;&nbsp;&nbsp;&nbsp; <\/p>\n\n\n\n<p>14:45 hrs. Muestra canina PDI&nbsp;&nbsp;&nbsp;&nbsp;&nbsp;&nbsp;&nbsp;&nbsp;&nbsp;&nbsp;&nbsp;&nbsp; <\/p>\n\n\n\n<p>15:00 hrs. Muestra Agility<\/p>\n\n\n\n<p>16:15 hrs. Exhibici\u00f3n grandes campeones&nbsp;&nbsp;&nbsp;&nbsp;&nbsp;&nbsp;&nbsp;&nbsp;&nbsp;&nbsp;&nbsp;&nbsp;&nbsp;&nbsp;&nbsp;&nbsp;&nbsp;&nbsp; <\/p>\n\n\n\n<p>16:30 hrs. Concurso mascotas&nbsp;&nbsp;&nbsp;&nbsp;&nbsp;&nbsp;&nbsp;&nbsp;&nbsp;&nbsp;&nbsp;&nbsp; <\/p>\n\n\n\n<p>17:30 hrs. Folclore Patag\u00f3nico<\/p>\n\n\n\n<p><strong>Lunes 4 de Marzo<\/strong><\/p>\n\n\n\n<p>10:30 hrs. Caf\u00e9 Bienvenida<\/p>\n\n\n\n<p>12:30 hrs. Remate<\/p>\n\n\n\n<p><strong>Viernes 1, s\u00e1bado 2\ny domingo 3<\/strong> <strong>de Marzo<\/strong><\/p>\n\n\n\n<p>10:00 a 20:00 hrs. Patio de comidas, Artesan\u00eda, Domo\nEmpresarial, Paseo de Emprendimientos Ganaderos, Feria Hortofrut\u00edcola y Juegos\ninfantiles <\/p>\n\n\n\n<p>Sal\u00f3n Gourmet abierto de 14:00 a 20:00 hrs.<\/p>\n","protected":false},"excerpt":{"rendered":"<p>Viernes 1 de Marzo 09:00 hrs. Jura Ovinos &#8211; Animales criados a campo&nbsp;&nbsp;&nbsp;&nbsp;&nbsp;&nbsp;&nbsp;&nbsp;&nbsp;&nbsp;&nbsp;&nbsp;&nbsp;&nbsp;&nbsp;&nbsp;&nbsp;&nbsp;&nbsp;&nbsp;&nbsp;&nbsp;&nbsp;&nbsp;&nbsp;&nbsp;&nbsp;&nbsp;&nbsp;&nbsp; 10:10 hrs. Inicio recorrido recinto con gu\u00eda biling\u00fce. Visita caba\u00f1as y animales 11:00 hrs. Muestra Esquila y&#8230; <a class=\"read-more\" href=\"https:\/\/www.radiopresidenteibanez.cl\/web\/programacion-expogama-2019\/\">Leer m\u00e1s<\/a><\/p>\n","protected":false},"author":2,"featured_media":1644,"comment_status":"closed","ping_status":"closed","sticky":false,"template":"","format":"standard","meta":{"footnotes":""},"categories":[1],"tags":[],"class_list":["post-1672","post","type-post","status-publish","format-standard","has-post-thumbnail","hentry","category-cronica"],"_links":{"self":[{"href":"https:\/\/www.radiopresidenteibanez.cl\/web\/wp-json\/wp\/v2\/posts\/1672","targetHints":{"allow":["GET"]}}],"collection":[{"href":"https:\/\/www.radiopresidenteibanez.cl\/web\/wp-json\/wp\/v2\/posts"}],"about":[{"href":"https:\/\/www.radiopresidenteibanez.cl\/web\/wp-json\/wp\/v2\/types\/post"}],"author":[{"embeddable":true,"href":"https:\/\/www.radiopresidenteibanez.cl\/web\/wp-json\/wp\/v2\/users\/2"}],"replies":[{"embeddable":true,"href":"https:\/\/www.radiopresidenteibanez.cl\/web\/wp-json\/wp\/v2\/comments?post=1672"}],"version-history":[{"count":0,"href":"https:\/\/www.radiopresidenteibanez.cl\/web\/wp-json\/wp\/v2\/posts\/1672\/revisions"}],"wp:featuredmedia":[{"embeddable":true,"href":"https:\/\/www.radiopresidenteibanez.cl\/web\/wp-json\/wp\/v2\/media\/1644"}],"wp:attachment":[{"href":"https:\/\/www.radiopresidenteibanez.cl\/web\/wp-json\/wp\/v2\/media?parent=1672"}],"wp:term":[{"taxonomy":"category","embeddable":true,"href":"https:\/\/www.radiopresidenteibanez.cl\/web\/wp-json\/wp\/v2\/categories?post=1672"},{"taxonomy":"post_tag","embeddable":true,"href":"https:\/\/www.radiopresidenteibanez.cl\/web\/wp-json\/wp\/v2\/tags?post=1672"}],"curies":[{"name":"wp","href":"https:\/\/api.w.org\/{rel}","templated":true}]}}