{"id":16714,"date":"2020-12-07T03:15:00","date_gmt":"2020-12-07T03:15:00","guid":{"rendered":"https:\/\/www.radiopresidenteibanez.cl\/web\/?p=16714"},"modified":"2020-12-06T15:30:48","modified_gmt":"2020-12-06T15:30:48","slug":"declaracion-publica-bomberos-punta-arenas","status":"publish","type":"post","link":"https:\/\/www.radiopresidenteibanez.cl\/web\/declaracion-publica-bomberos-punta-arenas\/","title":{"rendered":"DECLARACI\u00d3N P\u00daBLICA BOMBEROS PUNTA ARENAS"},"content":{"rendered":"\n<p>El\nCuerpo de Bomberos de Punta Arenas, representado por su Directorio General,\nhace una declaraci\u00f3n Publica en relaci\u00f3n a lo informado en la edici\u00f3n de este\ns\u00e1bado 5 de diciembre en diario El Ping\u00fcino, cuyo titular se\u00f1ala \u201cA la c\u00e1rcel\nbombero que fue imputado por violar y abusar de joven\u201d, la instituci\u00f3n rechaza\ncateg\u00f3ricamente lo dicho<\/p>\n\n\n\n<p>En este contexto declaramos lo siguiente:<\/p>\n\n\n\n<p>1.-\nEl Cuerpo de Bomberos de Punta Arenas, rechaza todo tipo de vulneraci\u00f3n o\ndelito contra cualquier persona sin importar su condici\u00f3n social, econ\u00f3mica,\ncultural, etc.<\/p>\n\n\n\n<p>2.-\nQue condenamos tajantemente lo expuesto en el medio de comunicaci\u00f3n que indica\nuna agresi\u00f3n sexual, proceso que se encuentra en investigaci\u00f3n.<\/p>\n\n\n\n<p>3.-\nQue el involucrado pertenece a las filas de la Instituci\u00f3n pero que no\nrepresenta, seg\u00fan los hechos que se le imputan, el actuar de los cientos de\nvoluntarios en Punta Arenas que digna y orgullosamente visten el uniforme de\nBombero.<\/p>\n\n\n\n<p>4.-\nQue de acuerdo a los Estatutos del Cuerpo de Bomberos, se establece que\ncualquier persona, hombre o mujer, mayor de edad, puede ingresar a la\nInstituci\u00f3n previamente cumpliendo con los requisitos que se solicitan, entre\nellos, tener al momento de presentar su solicitud una hoja intachable y sin\nantecedentes legales que enuncien haber sido condenado por alg\u00fan delito.<\/p>\n\n\n\n<p>5.-\nLa instituci\u00f3n es responsable de los actos de servicio de sus integrantes en\ntemas bomberiles, pero no podemos hacernos responsables de lo que realice\ncualquier persona que la integre, fuera de los \u00e1mbitos institucionales,\nentendi\u00e9ndose que de ocurrir un acto o hecho que vaya contra las normativas\nlegales y contravengan lo establecido en los Estatutos, se tomar\u00e1n las medidas\ndisciplinarias que correspondan.<\/p>\n\n\n\n<p>6.-\nQue de acuerdo a lo informado, la persona se encuentra en un proceso de\ninvestigaci\u00f3n judicial, imputada por diversos cargos que deber\u00e1n establecerse y\nque seg\u00fan se\u00f1ala el art\u00edculo 4 del C\u00f3digo Procesal Penal Chileno de nuestra\nlegislaci\u00f3n: \u201cNinguna persona ser\u00e1 considerada culpable ni tratada como tal en\ntanto no fuere condenada por una sentencia firme\u201d, por tanto se presumir\u00e1 su\ninocencia en cuanto no se compruebe legalmente su culpabilidad.<\/p>\n\n\n\n<p>7.-\nEl honor como cualidad propia de la persona humana, emanada de su dignidad y\ngrandeza, se ha manifestado desde la antig\u00fcedad, evolucionando en su concepto e\nimportancia, pero manteni\u00e9ndose vigente en medio del desarrollo social,\necon\u00f3mico y pol\u00edtico, como un derecho inherente al hombre y que la ley debe\nproteger, garantizando con ello la armon\u00eda de la vida en sociedad y\nrespondiendo a una motivaci\u00f3n espontanea de \u00e9sta<br><\/p>\n\n\n\n<p>cual es cuidar este bien subjetivo, este derecho a la\nintegridad moral y social que constituye lo m\u00e1s preciado con que el ser humano\nenfrenta la vida, su fin \u00faltimo y esencial.<\/p>\n\n\n\n<p>8.-\nDe esta forma rechazamos en\u00e9rgica y categ\u00f3ricamente el titular escrito por el\nse\u00f1or Roberto Mart\u00ednez del diario El Ping\u00fcino, donde al se\u00f1alar \u201cA la c\u00e1rcel\nbombero\u2026\u201d, da\u00f1a la honra de los cientos de hombres y mujeres que sirven\nentusiasta, profesional y orgullosamente en una de las instituciones mejor\nevaluadas por la ciudadan\u00eda, tratando de forma mezquina y antojadiza enlodar el\nbuen trabajo de servicio a la comunidad que realiza Bomberos de Chile.<\/p>\n\n\n\n<p>9.-\nEstamos ciertos que en una sana democracia, la libertad de prensa y de informar\nes fundamental, pero lamentamos que por el solo hecho de imprimir un titular\nllamativo y comercial, se pierda el enfoque de rigurosidad, toda vez que se\nomiten otros antecedentes para no da\u00f1ar su cartera de clientes en el \u00e1mbito\ncomercial, pero no media la misma para da\u00f1ar una instituci\u00f3n voluntaria con m\u00e1s\nde 100 a\u00f1os de trayectoria impecable<\/p>\n\n\n\n<p>10.-\nCabe recordar que de acuerdo a los estatutos del Cuerpo de Bomberos de Punta\nArenas, que si alg\u00fan bombero estuviese involucrado en alg\u00fan hecho delictivo o\nen proceso de investigaci\u00f3n, la Instituci\u00f3n actuar\u00e1 de inmediato, separando al\ninvolucrado de sus filas y cooperar\u00e1 en todo lo que requiera o solicite la justicia<\/p>\n\n\n\n<p>11.- Solo nos resta\nse\u00f1alar que la confianza depositada y el cari\u00f1o que nos demuestra a diario la\nciudadan\u00eda, no es gratuito, ha sido un camino cultivado con nuestras acciones a\ndiario, generaci\u00f3n tras generaci\u00f3n de voluntarios de bomberos y no debe ponerse\nen duda. Reafirmamos en esta Declaraci\u00f3n P\u00fablica, el firme compromiso con\nnuestra comunidad, para estar presentes en todo momento y en cuanto se nos\nnecesite de manera eficaz, responsable y capacitada, haciendo honor a nuestro\nlema de salvar vidas y bienes como profesionales de la emergencia en Magallanes\ny en cada lugar de la geograf\u00eda nacional.<\/p>\n","protected":false},"excerpt":{"rendered":"<p>El Cuerpo de Bomberos de Punta Arenas, representado por su Directorio General, hace una declaraci\u00f3n Publica en relaci\u00f3n a lo informado en la edici\u00f3n de este s\u00e1bado 5 de diciembre&#8230; <a class=\"read-more\" href=\"https:\/\/www.radiopresidenteibanez.cl\/web\/declaracion-publica-bomberos-punta-arenas\/\">Leer m\u00e1s<\/a><\/p>\n","protected":false},"author":2,"featured_media":740,"comment_status":"closed","ping_status":"closed","sticky":false,"template":"","format":"standard","meta":{"footnotes":""},"categories":[1],"tags":[],"class_list":["post-16714","post","type-post","status-publish","format-standard","has-post-thumbnail","hentry","category-cronica"],"_links":{"self":[{"href":"https:\/\/www.radiopresidenteibanez.cl\/web\/wp-json\/wp\/v2\/posts\/16714","targetHints":{"allow":["GET"]}}],"collection":[{"href":"https:\/\/www.radiopresidenteibanez.cl\/web\/wp-json\/wp\/v2\/posts"}],"about":[{"href":"https:\/\/www.radiopresidenteibanez.cl\/web\/wp-json\/wp\/v2\/types\/post"}],"author":[{"embeddable":true,"href":"https:\/\/www.radiopresidenteibanez.cl\/web\/wp-json\/wp\/v2\/users\/2"}],"replies":[{"embeddable":true,"href":"https:\/\/www.radiopresidenteibanez.cl\/web\/wp-json\/wp\/v2\/comments?post=16714"}],"version-history":[{"count":0,"href":"https:\/\/www.radiopresidenteibanez.cl\/web\/wp-json\/wp\/v2\/posts\/16714\/revisions"}],"wp:featuredmedia":[{"embeddable":true,"href":"https:\/\/www.radiopresidenteibanez.cl\/web\/wp-json\/wp\/v2\/media\/740"}],"wp:attachment":[{"href":"https:\/\/www.radiopresidenteibanez.cl\/web\/wp-json\/wp\/v2\/media?parent=16714"}],"wp:term":[{"taxonomy":"category","embeddable":true,"href":"https:\/\/www.radiopresidenteibanez.cl\/web\/wp-json\/wp\/v2\/categories?post=16714"},{"taxonomy":"post_tag","embeddable":true,"href":"https:\/\/www.radiopresidenteibanez.cl\/web\/wp-json\/wp\/v2\/tags?post=16714"}],"curies":[{"name":"wp","href":"https:\/\/api.w.org\/{rel}","templated":true}]}}