{"id":16710,"date":"2020-12-07T02:45:00","date_gmt":"2020-12-07T02:45:00","guid":{"rendered":"https:\/\/www.radiopresidenteibanez.cl\/web\/?p=16710"},"modified":"2020-12-05T15:57:21","modified_gmt":"2020-12-05T15:57:21","slug":"mas-de-9-mil-pensionados-del-ips-recibiran-su-aguinaldo-de-navidad-2020","status":"publish","type":"post","link":"https:\/\/www.radiopresidenteibanez.cl\/web\/mas-de-9-mil-pensionados-del-ips-recibiran-su-aguinaldo-de-navidad-2020\/","title":{"rendered":"M\u00c1S DE 9 MIL PENSIONADOS DEL IPS RECIBIR\u00c1N SU AGUINALDO DE NAVIDAD 2020"},"content":{"rendered":"\n<p>Desde el 1 de diciembre, un total de 9.273 pensionadas y\npensionados del Instituto de Previsi\u00f3n Social en Magallanes se encuentran\nrecibiendo el tradicional aguinaldo de Navidad, que este a\u00f1o equivale a un\ndesembolso estatal superior a los $218 millones en la regi\u00f3n, correspondiente a\n$23.081 por cada beneficiario. Este monto podr\u00e1 incrementarse en $13.040 por\ncada carga familiar acreditada al 30 de noviembre del a\u00f1o 2020.<\/p>\n\n\n\n<p>\u201cEs un importante aporte que hace el Estado a trav\u00e9s de este\naguinaldo para las fiestas de navidad que para la regi\u00f3n comprometen m\u00e1s de\n$218 millones de pesos lo cual simboliza m\u00e1s de 9 mil de nuestros beneficiados\ny\/o pensionados\u201d, afirm\u00f3 el director regional del IPS, Eduardo Barahona\nKompatzki, instando a la comunidad a que, ante cualquier duda, prefiera las\nplataformas virtuales para realizar sus consultas.<\/p>\n\n\n\n<p>Por su parte, la seremi del Trabajo y Previsi\u00f3n Social,\nVictoria Cort\u00e9s Schiattino, record\u00f3 que \u201cno hay que hacer ning\u00fan tr\u00e1mite para\ncobrar el aguinaldo, ya que \u00e9ste se paga autom\u00e1ticamente junto con la pensi\u00f3n\ndel adulto mayor\u201d. Agreg\u00f3 que quienes cobren su pensi\u00f3n por los distintos\nmedios existentes, ver\u00e1n incrementados los montos producto del aguinaldo. <\/p>\n\n\n\n<p>Tienen derecho al Aguinaldo de Navidad los pensionados y\npensionadas del Instituto de Previsi\u00f3n Social, de las Cajas de Previsi\u00f3n de\nDIPRECA y CAPREDENA, del Instituto de Seguridad Laboral, de las Mutualidades de\nEmpleadores de la Ley N\u00b0 16.744 de Accidentes del Trabajo, que tengan alguna de\nestas calidades al 30 de noviembre del a\u00f1o 2020. Tambi\u00e9n tienen derecho los\npensionados del Sistema de AFP (DL 3.500), siempre que a esa fecha se\nencuentren percibiendo el beneficio de Aporte Previsional Solidario (APS) o\npensiones m\u00ednimas con Garant\u00eda Estatal.<\/p>\n\n\n\n<p>En el caso del IPS, los beneficiarios son los siguientes:<\/p>\n\n\n\n<p>\uf0fc Pensionados de las ex-Cajas de Previsi\u00f3n.<\/p>\n\n\n\n<p>\uf0fc Personas con Pensi\u00f3n B\u00e1sica Solidaria (PBS).<\/p>\n\n\n\n<p>\uf0fc Pensionados de la Ley N\u00b0 19.234 (Exonerados Pol\u00edticos).<\/p>\n\n\n\n<p>\uf0fc Pensionados de la Ley de Reparaci\u00f3n N\u00b0 19.123 (Ley\nRettig).<\/p>\n\n\n\n<p>\uf0fc Pensionados de la Ley de Reparaci\u00f3n N\u00b0 19.992 (Ley\nValech).<\/p>\n\n\n\n<p>\uf0fc Pensionados de Accidentes del Trabajo, Ley N\u00b0 16.744, del\nInstituto de Seguridad Laboral (ISL).<\/p>\n\n\n\n<p>\uf0fc Personas que reciben Subsidio por Discapacidad Mental,\nArt. 35 de la Ley N\u00b0 20.255.<\/p>\n\n\n\n<p>\uf0fc Beneficiarios de Indemnizaciones del Carb\u00f3n, Ley N\u00b0\n19.129.<\/p>\n\n\n\n<p>Es importante se\u00f1alar que cada persona tiene derecho a un\nsolo Aguinaldo, aunque sea beneficiario de dos o m\u00e1s pensiones (o beneficios),\nsean \u00e9stos pagados por el IPS o por otras instituciones de seguridad social.<\/p>\n","protected":false},"excerpt":{"rendered":"<p>Desde el 1 de diciembre, un total de 9.273 pensionadas y pensionados del Instituto de Previsi\u00f3n Social en Magallanes se encuentran recibiendo el tradicional aguinaldo de Navidad, que este a\u00f1o&#8230; <a class=\"read-more\" href=\"https:\/\/www.radiopresidenteibanez.cl\/web\/mas-de-9-mil-pensionados-del-ips-recibiran-su-aguinaldo-de-navidad-2020\/\">Leer m\u00e1s<\/a><\/p>\n","protected":false},"author":2,"featured_media":16711,"comment_status":"closed","ping_status":"closed","sticky":false,"template":"","format":"standard","meta":{"footnotes":""},"categories":[1],"tags":[],"class_list":["post-16710","post","type-post","status-publish","format-standard","has-post-thumbnail","hentry","category-cronica"],"_links":{"self":[{"href":"https:\/\/www.radiopresidenteibanez.cl\/web\/wp-json\/wp\/v2\/posts\/16710","targetHints":{"allow":["GET"]}}],"collection":[{"href":"https:\/\/www.radiopresidenteibanez.cl\/web\/wp-json\/wp\/v2\/posts"}],"about":[{"href":"https:\/\/www.radiopresidenteibanez.cl\/web\/wp-json\/wp\/v2\/types\/post"}],"author":[{"embeddable":true,"href":"https:\/\/www.radiopresidenteibanez.cl\/web\/wp-json\/wp\/v2\/users\/2"}],"replies":[{"embeddable":true,"href":"https:\/\/www.radiopresidenteibanez.cl\/web\/wp-json\/wp\/v2\/comments?post=16710"}],"version-history":[{"count":0,"href":"https:\/\/www.radiopresidenteibanez.cl\/web\/wp-json\/wp\/v2\/posts\/16710\/revisions"}],"wp:featuredmedia":[{"embeddable":true,"href":"https:\/\/www.radiopresidenteibanez.cl\/web\/wp-json\/wp\/v2\/media\/16711"}],"wp:attachment":[{"href":"https:\/\/www.radiopresidenteibanez.cl\/web\/wp-json\/wp\/v2\/media?parent=16710"}],"wp:term":[{"taxonomy":"category","embeddable":true,"href":"https:\/\/www.radiopresidenteibanez.cl\/web\/wp-json\/wp\/v2\/categories?post=16710"},{"taxonomy":"post_tag","embeddable":true,"href":"https:\/\/www.radiopresidenteibanez.cl\/web\/wp-json\/wp\/v2\/tags?post=16710"}],"curies":[{"name":"wp","href":"https:\/\/api.w.org\/{rel}","templated":true}]}}