{"id":16707,"date":"2020-12-07T02:30:00","date_gmt":"2020-12-07T02:30:00","guid":{"rendered":"https:\/\/www.radiopresidenteibanez.cl\/web\/?p=16707"},"modified":"2020-12-05T15:54:42","modified_gmt":"2020-12-05T15:54:42","slug":"a-61-anos-del-tratado-antartico","status":"publish","type":"post","link":"https:\/\/www.radiopresidenteibanez.cl\/web\/a-61-anos-del-tratado-antartico\/","title":{"rendered":"A 61 A\u00d1OS DEL TRATADO ANT\u00c1RTICO"},"content":{"rendered":"\n<p>El 1 de diciembre de 1959 se firm\u00f3 en Washington DC, entrando en vigencia el 23 de junio de 1961 y constituyendo un instrumento de entendimiento y cooperaci\u00f3n de alto impacto, siendo uno de los elementos m\u00e1s relevantes dentro del actual sistema internacional.<\/p>\n\n\n\n<p>Es as\u00ed como Chile fue uno de los pa\u00edses firmantes de este trascendental documento, junto a otras naciones como Argentina, Australia, B\u00e9lgica, Estado Unidos de Am\u00e9rica, Francia, Jap\u00f3n, Noruega, Nueva Zelanda, Reino Unido, Sud\u00e1frica y la Uni\u00f3n Sovi\u00e9tica.&nbsp;Desde su firma el n\u00famero de signatarios creci\u00f3 hasta un total de cincuenta y cuatro al a\u00f1o 2019.<\/p>\n\n\n\n<p>El Tratado constituye un documento rector en torno a las normas en relaci\u00f3n al uso pac\u00edfico del continente Ant\u00e1rtico, fomentando la cooperaci\u00f3n para el desarrollo de la investigaci\u00f3n cient\u00edfica, as\u00ed mismo el intercambio de informaciones en relaci\u00f3n a la exploraci\u00f3n ant\u00e1rtica, adem\u00e1s constituye un documento rector en torno al r\u00e9gimen de inspecciones de las actividades que se desarrollan, con el objetivo de mantener el resguardo del medio ambiente del continente blanco.<\/p>\n\n\n\n<p>Hoy en d\u00eda nuestro pa\u00eds realiza distintas labores guiadas por el Tratado Ant\u00e1rtico, en donde se han complementado distintas instancias, como es la Convenci\u00f3n para la Conservaci\u00f3n de Recursos Vivos Marinos Ant\u00e1rticos de 1980 (CCMLAR); la Convenci\u00f3n para la Conservaci\u00f3n de las Focas Ant\u00e1rticas de 1988 (CCFA); y con el objetivo de resguardar el medioambiente el Protocolo al Tratado Ant\u00e1rtico sobre Protecci\u00f3n del Medio Ambiente de 1991.<\/p>\n\n\n\n<p>En la actualidad los diferentes operadores ant\u00e1rticos que desarrollan tareas en el Territorio Chileno Ant\u00e1rtico, como Ej\u00e9rcito, Armada, Fuerza A\u00e9rea e INACh, orientan sus diferentes operaciones en este importante marco regulatorio.<\/p>\n\n\n\n<p>Es de esta manera que la Armada de Chile, a trav\u00e9s de sus diferentes Campa\u00f1as Ant\u00e1rticas desarrolladas, ha mantenido un permanente accionar en el continente blanco, brindando el sostenimiento log\u00edstico a los diferentes operadores ant\u00e1rticos, apoyando tambi\u00e9n a la cooperaci\u00f3n internacional con el traslado de equipos y asistencia a bases extranjeras, siendo fundamentales para el desarrollo de diferentes proyectos cient\u00edficos y de comprensi\u00f3n de la naturales del Continente Ant\u00e1rtico.<\/p>\n\n\n\n<p>De igual manera, el despliegue de unidades en labores como la Patrulla Ant\u00e1rtica Naval Combinada (PANC) y el control de tr\u00e1fico mar\u00edtimo en el marco de la CCMLAR, son ejemplos de la responsabilidad que ha asumido la Instituci\u00f3n con todas sus capacidades en salvaguardar la vida humana en el mar y los recursos marinos vivos en el Continente Ant\u00e1rtico, trabajando en conjunto con otros pa\u00edses en aquel inmenso territorio, operando en resguardo de la Seguridad e Intereses Territoriales, Desarrollo Nacional y presencia del Estado, fomentando la Cooperaci\u00f3n Internacional en una de las zonas m\u00e1s aisladas del mundo.<\/p>\n","protected":false},"excerpt":{"rendered":"<p>El 1 de diciembre de 1959 se firm\u00f3 en Washington DC, entrando en vigencia el 23 de junio de 1961 y constituyendo un instrumento de entendimiento y cooperaci\u00f3n de alto&#8230; <a class=\"read-more\" href=\"https:\/\/www.radiopresidenteibanez.cl\/web\/a-61-anos-del-tratado-antartico\/\">Leer m\u00e1s<\/a><\/p>\n","protected":false},"author":2,"featured_media":16708,"comment_status":"closed","ping_status":"closed","sticky":false,"template":"","format":"standard","meta":{"footnotes":""},"categories":[1],"tags":[],"class_list":["post-16707","post","type-post","status-publish","format-standard","has-post-thumbnail","hentry","category-cronica"],"_links":{"self":[{"href":"https:\/\/www.radiopresidenteibanez.cl\/web\/wp-json\/wp\/v2\/posts\/16707","targetHints":{"allow":["GET"]}}],"collection":[{"href":"https:\/\/www.radiopresidenteibanez.cl\/web\/wp-json\/wp\/v2\/posts"}],"about":[{"href":"https:\/\/www.radiopresidenteibanez.cl\/web\/wp-json\/wp\/v2\/types\/post"}],"author":[{"embeddable":true,"href":"https:\/\/www.radiopresidenteibanez.cl\/web\/wp-json\/wp\/v2\/users\/2"}],"replies":[{"embeddable":true,"href":"https:\/\/www.radiopresidenteibanez.cl\/web\/wp-json\/wp\/v2\/comments?post=16707"}],"version-history":[{"count":0,"href":"https:\/\/www.radiopresidenteibanez.cl\/web\/wp-json\/wp\/v2\/posts\/16707\/revisions"}],"wp:featuredmedia":[{"embeddable":true,"href":"https:\/\/www.radiopresidenteibanez.cl\/web\/wp-json\/wp\/v2\/media\/16708"}],"wp:attachment":[{"href":"https:\/\/www.radiopresidenteibanez.cl\/web\/wp-json\/wp\/v2\/media?parent=16707"}],"wp:term":[{"taxonomy":"category","embeddable":true,"href":"https:\/\/www.radiopresidenteibanez.cl\/web\/wp-json\/wp\/v2\/categories?post=16707"},{"taxonomy":"post_tag","embeddable":true,"href":"https:\/\/www.radiopresidenteibanez.cl\/web\/wp-json\/wp\/v2\/tags?post=16707"}],"curies":[{"name":"wp","href":"https:\/\/api.w.org\/{rel}","templated":true}]}}