{"id":16704,"date":"2020-12-07T02:15:00","date_gmt":"2020-12-07T02:15:00","guid":{"rendered":"https:\/\/www.radiopresidenteibanez.cl\/web\/?p=16704"},"modified":"2020-12-05T15:49:58","modified_gmt":"2020-12-05T15:49:58","slug":"este-10-de-diciembre-alumna-de-porvenir-competira-en-la-final-del-concurso-de-lectura-mas-grande-del-pais","status":"publish","type":"post","link":"https:\/\/www.radiopresidenteibanez.cl\/web\/este-10-de-diciembre-alumna-de-porvenir-competira-en-la-final-del-concurso-de-lectura-mas-grande-del-pais\/","title":{"rendered":"ESTE 10 DE DICIEMBRE ALUMNA DE PORVENIR COMPETIR\u00c1 EN LA FINAL DEL CONCURSO DE LECTURA M\u00c1S GRANDE DEL PA\u00cdS"},"content":{"rendered":"\n<p>Con\nla lectura del cl\u00e1sico \u201cLas aventuras de Pinocho\u201d, la alumna del Colegio Mar\u00eda\nAuxiliadora de Porvenir, Isidora Torres, se convirti\u00f3 en la ganadora regional\nde la sexta versi\u00f3n de \u201cEl placer de o\u00edr leer\u201d, el concurso de lectura a viva\nvoz m\u00e1s importante de Chile, organizado por las fundaciones Yo Te Leo e Ib\u00e1\u00f1ez\nAtkinson.<\/p>\n\n\n\n<p>El\njueves 10 de diciembre a las 19:00 horas, Isidora participar\u00e1 en la final del\nconcurso, en un programa conducido por el periodista Amaro G\u00f3mez-Pablos que\npodr\u00e1 verse en el canal de YouTube de la <a href=\"https:\/\/www.youtube.com\/channel\/UCp4Sf9JUFXc9c203xq2DJcQ\/featured\">Fundaci\u00f3n Ib\u00e1\u00f1ez\nAtkinson<\/a>. Al igual que el resto de los\nrepresentantes de todas las regiones del pa\u00eds, la alumna de 4\u00ba b\u00e1sico leer\u00e1 el\nfragmento de una obra para concursar por uno de los tres primeros lugares o los\ndistintos premios especiales que considera el certamen.<\/p>\n\n\n\n<p>El\njurado est\u00e1 compuesto por Mar\u00eda Jos\u00e9 Gonz\u00e1lez, asesora del Programa de\nBiblioteca Escolar de la Fundaci\u00f3n Astoreca; Esteban Cabezas, autor de diversos\nlibros para ni\u00f1os, entre ellos la serie \u201cJulito Cabello\u201d; Constanza Mekis,\npresidenta de Ibby Chile; y Joaqu\u00edn Vallejos, estudiante del Colegio San Juan\nEvangelista de Las Condes y ganador del concurso en 2019.<\/p>\n\n\n\n<p>\u201cEl\nplacer de o\u00edr leer\u201d busca promover el amor por la lectura en los ni\u00f1os, adem\u00e1s\nde potenciar una mayor comprensi\u00f3n, fluidez lectora, autoestima, entre otras habilidades.\nEl concurso se realiz\u00f3 tambi\u00e9n con el apoyo de las facultades de Educaci\u00f3n y de\nLetras de la Pontificia Universidad Cat\u00f3lica de Chile, la Biblioteca Escolar\nFuturo UC, Ediciones SM e IBBY Chile.<\/p>\n\n\n\n<p>M\u00e1s\ndetalles en <a href=\"http:\/\/www.yoteleo.cl\/\">www.yoteleo.cl<\/a>.<\/p>\n","protected":false},"excerpt":{"rendered":"<p>Con la lectura del cl\u00e1sico \u201cLas aventuras de Pinocho\u201d, la alumna del Colegio Mar\u00eda Auxiliadora de Porvenir, Isidora Torres, se convirti\u00f3 en la ganadora regional de la sexta versi\u00f3n de&#8230; <a class=\"read-more\" href=\"https:\/\/www.radiopresidenteibanez.cl\/web\/este-10-de-diciembre-alumna-de-porvenir-competira-en-la-final-del-concurso-de-lectura-mas-grande-del-pais\/\">Leer m\u00e1s<\/a><\/p>\n","protected":false},"author":2,"featured_media":16705,"comment_status":"closed","ping_status":"closed","sticky":false,"template":"","format":"standard","meta":{"footnotes":""},"categories":[1],"tags":[],"class_list":["post-16704","post","type-post","status-publish","format-standard","has-post-thumbnail","hentry","category-cronica"],"_links":{"self":[{"href":"https:\/\/www.radiopresidenteibanez.cl\/web\/wp-json\/wp\/v2\/posts\/16704","targetHints":{"allow":["GET"]}}],"collection":[{"href":"https:\/\/www.radiopresidenteibanez.cl\/web\/wp-json\/wp\/v2\/posts"}],"about":[{"href":"https:\/\/www.radiopresidenteibanez.cl\/web\/wp-json\/wp\/v2\/types\/post"}],"author":[{"embeddable":true,"href":"https:\/\/www.radiopresidenteibanez.cl\/web\/wp-json\/wp\/v2\/users\/2"}],"replies":[{"embeddable":true,"href":"https:\/\/www.radiopresidenteibanez.cl\/web\/wp-json\/wp\/v2\/comments?post=16704"}],"version-history":[{"count":0,"href":"https:\/\/www.radiopresidenteibanez.cl\/web\/wp-json\/wp\/v2\/posts\/16704\/revisions"}],"wp:featuredmedia":[{"embeddable":true,"href":"https:\/\/www.radiopresidenteibanez.cl\/web\/wp-json\/wp\/v2\/media\/16705"}],"wp:attachment":[{"href":"https:\/\/www.radiopresidenteibanez.cl\/web\/wp-json\/wp\/v2\/media?parent=16704"}],"wp:term":[{"taxonomy":"category","embeddable":true,"href":"https:\/\/www.radiopresidenteibanez.cl\/web\/wp-json\/wp\/v2\/categories?post=16704"},{"taxonomy":"post_tag","embeddable":true,"href":"https:\/\/www.radiopresidenteibanez.cl\/web\/wp-json\/wp\/v2\/tags?post=16704"}],"curies":[{"name":"wp","href":"https:\/\/api.w.org\/{rel}","templated":true}]}}