{"id":16701,"date":"2020-12-07T02:00:00","date_gmt":"2020-12-07T02:00:00","guid":{"rendered":"https:\/\/www.radiopresidenteibanez.cl\/web\/?p=16701"},"modified":"2020-12-05T15:50:52","modified_gmt":"2020-12-05T15:50:52","slug":"cerca-de-100-operativos-ha-debido-realizar-el-municipio-para-limpiar-microbasurales","status":"publish","type":"post","link":"https:\/\/www.radiopresidenteibanez.cl\/web\/cerca-de-100-operativos-ha-debido-realizar-el-municipio-para-limpiar-microbasurales\/","title":{"rendered":"CERCA DE 100 OPERATIVOS HA DEBIDO REALIZAR EL MUNICIPIO PARA LIMPIAR MICROBASURALES"},"content":{"rendered":"\n<p>Desde el inicio de la Pandemia, por medidas de seguridad y de prevenci\u00f3n, el Municipio de Punta Arenas decidi\u00f3 junto a la empresa correspondiente, establecer cuadrillas para el cumplimiento, principalmente del trabajo de recolecci\u00f3n de residuos domiciliarios y el trabajo de mantenci\u00f3n de \u00c1reas Verdes, lo cual se ha mantenido producto de la extensa cuarentena que vive nuestra comuna.<\/p>\n\n\n\n<p>Esto \u00faltimo, ha generado la propagaci\u00f3n de micro basurales, ya que se debi\u00f3 suspender la exitosa iniciativa municipal de Retiro de Cachureos, la cual habr\u00eda logrado acabar con estos puntos negros en la comuna, generando un beneficio para todos los habitantes de Punta Arenas.<\/p>\n\n\n\n<p>\u201cLamentablemente en marzo tuvimos que suspender nuestras jornadas de Retiro de Cachureos, las que recorr\u00edan distintas partes de nuestra ciudad, por lo que esperamos retomar a partir de enero del 2021\u201d, anunci\u00f3 el alcalde Claudio Radonich.<\/p>\n\n\n\n<p>De igual forma, Radonich explic\u00f3 que \u201cclaramente, esto ha significado que algunos vecinos est\u00e9n botando escombros y basura en distintos lugares de la ciudad, pero sobretodo en los sectores periurbanos, lo que nos ha obligado a redoblar los esfuerzos para poder limpiar. Hasta ahora, desde marzo y lo que va de cuarentenas, son m\u00e1s de cien los puntos a los que hemos debido ir por este motivo\u201d.<\/p>\n\n\n\n<p>En ese sentido, Rodrigo Santana, jefe de Fiscalizaci\u00f3n de Contratos de Aseo y Ornato Municipal, dijo que \u201ca pesar de que hemos tenido una baja de personal producto de la pandemia, se han hecho todos los esfuerzos por ir limpiando paulatinamente, los puntos que hemos catastrado, y que se vuelven un foco insalubre para la ciudadan\u00eda\u201d.<\/p>\n\n\n\n<p>Santana, agreg\u00f3 que \u201cespec\u00edficamente, a modo de ejemplo, en prolongaci\u00f3n Ignacio Carrera Pinto se limpi\u00f3 un micro basural en el cual se retiraron 2 camiones completos de escombros, equivalentes a 20 metros c\u00fabicos de distintos desechos y residuos domiciliarios\u201d.<\/p>\n\n\n\n<p>Finalmente, el jefe comunal reiter\u00f3 que \u201cla ciudad m\u00e1s limpia, es la que menos ensucia, y por eso le pedimos a los vecinos que tengan un poco de paciencia, pero tambi\u00e9n responsabilidad, ya que cada vecino tiene derecho de llevar hasta 5 metros c\u00fabicos de basura directamente al vertedero municipal\u201d.<\/p>\n\n\n\n<p>De igual forma, record\u00f3 que existe un convenio vigente con m\u00e1s de 150 fleteros de nuestra ciudad, quienes pueden llevar las cosas y el derecho de acceso es gratis, pagando s\u00f3lo el traslado. El listado se encuentra en la web municipal&nbsp;<a href=\"http:\/\/www.puntaarenas.cl\/\" target=\"_blank\" rel=\"noreferrer noopener\">www.puntaarenas.cl<\/a><\/p>\n\n\n\n<p>Para denuncias pueden enviar un correo a&nbsp;<a href=\"mailto:unidadmedioambiente@e-puntaarenas.cl\">unidadmedioambiente@e-puntaarenas.cl<\/a><\/p>\n","protected":false},"excerpt":{"rendered":"<p>Desde el inicio de la Pandemia, por medidas de seguridad y de prevenci\u00f3n, el Municipio de Punta Arenas decidi\u00f3 junto a la empresa correspondiente, establecer cuadrillas para el cumplimiento, principalmente&#8230; <a class=\"read-more\" href=\"https:\/\/www.radiopresidenteibanez.cl\/web\/cerca-de-100-operativos-ha-debido-realizar-el-municipio-para-limpiar-microbasurales\/\">Leer m\u00e1s<\/a><\/p>\n","protected":false},"author":2,"featured_media":16702,"comment_status":"closed","ping_status":"closed","sticky":false,"template":"","format":"standard","meta":{"footnotes":""},"categories":[1],"tags":[],"class_list":["post-16701","post","type-post","status-publish","format-standard","has-post-thumbnail","hentry","category-cronica"],"_links":{"self":[{"href":"https:\/\/www.radiopresidenteibanez.cl\/web\/wp-json\/wp\/v2\/posts\/16701","targetHints":{"allow":["GET"]}}],"collection":[{"href":"https:\/\/www.radiopresidenteibanez.cl\/web\/wp-json\/wp\/v2\/posts"}],"about":[{"href":"https:\/\/www.radiopresidenteibanez.cl\/web\/wp-json\/wp\/v2\/types\/post"}],"author":[{"embeddable":true,"href":"https:\/\/www.radiopresidenteibanez.cl\/web\/wp-json\/wp\/v2\/users\/2"}],"replies":[{"embeddable":true,"href":"https:\/\/www.radiopresidenteibanez.cl\/web\/wp-json\/wp\/v2\/comments?post=16701"}],"version-history":[{"count":0,"href":"https:\/\/www.radiopresidenteibanez.cl\/web\/wp-json\/wp\/v2\/posts\/16701\/revisions"}],"wp:featuredmedia":[{"embeddable":true,"href":"https:\/\/www.radiopresidenteibanez.cl\/web\/wp-json\/wp\/v2\/media\/16702"}],"wp:attachment":[{"href":"https:\/\/www.radiopresidenteibanez.cl\/web\/wp-json\/wp\/v2\/media?parent=16701"}],"wp:term":[{"taxonomy":"category","embeddable":true,"href":"https:\/\/www.radiopresidenteibanez.cl\/web\/wp-json\/wp\/v2\/categories?post=16701"},{"taxonomy":"post_tag","embeddable":true,"href":"https:\/\/www.radiopresidenteibanez.cl\/web\/wp-json\/wp\/v2\/tags?post=16701"}],"curies":[{"name":"wp","href":"https:\/\/api.w.org\/{rel}","templated":true}]}}