{"id":16698,"date":"2020-12-06T03:00:00","date_gmt":"2020-12-06T03:00:00","guid":{"rendered":"https:\/\/www.radiopresidenteibanez.cl\/web\/?p=16698"},"modified":"2020-12-05T15:44:35","modified_gmt":"2020-12-05T15:44:35","slug":"scd-lamenta-el-fallecimiento-de-pepe-fuentes-figura-historica-de-la-cueca","status":"publish","type":"post","link":"https:\/\/www.radiopresidenteibanez.cl\/web\/scd-lamenta-el-fallecimiento-de-pepe-fuentes-figura-historica-de-la-cueca\/","title":{"rendered":"SCD LAMENTA EL FALLECIMIENTO DE PEPE FUENTES, FIGURA HIST\u00d3RICA DE LA CUECA"},"content":{"rendered":"\n<p>Una de las voces fundamentales de la cultura popular chilena, ha partido este s\u00e1bado 5 de diciembre: Jos\u00e9 Concepci\u00f3n Fuentes Pacheco, socio benem\u00e9rito de la Sociedad Chilena de Autores e Int\u00e9rpretes Musicales (SCD), y quien fuera conocido art\u00edsticamente como Pepe Fuentes.<\/p>\n\n\n\n<p>A lo largo de su extensa carrera, form\u00f3 parte de conjuntos como Los Reseros, Los Troveros Porte\u00f1os, Los hermanos Clavero, Fiesta Linda, Los Chamacos, Souvenir y Los Pulentos de la Cueca. En los \u00faltimos a\u00f1os, uno de sus trabajos m\u00e1s influyentes fue el que realiz\u00f3 junto a su compa\u00f1era y tambi\u00e9n gran exponente de la cueca, Mar\u00eda Esther Zamora, adem\u00e1s de figurar en m\u00faltiples colaboraciones con diversos m\u00fasicos nacionales, entre ellos Los Tres y Gepe.<\/p>\n\n\n\n<p>Pepe ser\u00e1 recordado siempre como un referente de la cueca urbana en nuestro pa\u00eds y por dejar una huella en las nuevas generaciones de m\u00fasicos, entre quienes cosech\u00f3 transversal respeto y admiraci\u00f3n. Por sus logros y trayectoria, fue nombrado socio em\u00e9rito de SCD en 2011 y obtuvo el Premio a la M\u00fasica Nacional Presidente de la Rep\u00fablica en 2014. Ese mismo a\u00f1o, nuestra sociedad public\u00f3 su biograf\u00eda \u201cA la pinta m\u00eda: Versos, viajes y memorias de la m\u00fasica chilena\u201d.<\/p>\n","protected":false},"excerpt":{"rendered":"<p>Una de las voces fundamentales de la cultura popular chilena, ha partido este s\u00e1bado 5 de diciembre: Jos\u00e9 Concepci\u00f3n Fuentes Pacheco, socio benem\u00e9rito de la Sociedad Chilena de Autores e&#8230; <a class=\"read-more\" href=\"https:\/\/www.radiopresidenteibanez.cl\/web\/scd-lamenta-el-fallecimiento-de-pepe-fuentes-figura-historica-de-la-cueca\/\">Leer m\u00e1s<\/a><\/p>\n","protected":false},"author":2,"featured_media":16699,"comment_status":"closed","ping_status":"closed","sticky":false,"template":"","format":"standard","meta":{"footnotes":""},"categories":[1],"tags":[],"class_list":["post-16698","post","type-post","status-publish","format-standard","has-post-thumbnail","hentry","category-cronica"],"_links":{"self":[{"href":"https:\/\/www.radiopresidenteibanez.cl\/web\/wp-json\/wp\/v2\/posts\/16698","targetHints":{"allow":["GET"]}}],"collection":[{"href":"https:\/\/www.radiopresidenteibanez.cl\/web\/wp-json\/wp\/v2\/posts"}],"about":[{"href":"https:\/\/www.radiopresidenteibanez.cl\/web\/wp-json\/wp\/v2\/types\/post"}],"author":[{"embeddable":true,"href":"https:\/\/www.radiopresidenteibanez.cl\/web\/wp-json\/wp\/v2\/users\/2"}],"replies":[{"embeddable":true,"href":"https:\/\/www.radiopresidenteibanez.cl\/web\/wp-json\/wp\/v2\/comments?post=16698"}],"version-history":[{"count":0,"href":"https:\/\/www.radiopresidenteibanez.cl\/web\/wp-json\/wp\/v2\/posts\/16698\/revisions"}],"wp:featuredmedia":[{"embeddable":true,"href":"https:\/\/www.radiopresidenteibanez.cl\/web\/wp-json\/wp\/v2\/media\/16699"}],"wp:attachment":[{"href":"https:\/\/www.radiopresidenteibanez.cl\/web\/wp-json\/wp\/v2\/media?parent=16698"}],"wp:term":[{"taxonomy":"category","embeddable":true,"href":"https:\/\/www.radiopresidenteibanez.cl\/web\/wp-json\/wp\/v2\/categories?post=16698"},{"taxonomy":"post_tag","embeddable":true,"href":"https:\/\/www.radiopresidenteibanez.cl\/web\/wp-json\/wp\/v2\/tags?post=16698"}],"curies":[{"name":"wp","href":"https:\/\/api.w.org\/{rel}","templated":true}]}}