{"id":16692,"date":"2020-12-06T02:30:00","date_gmt":"2020-12-06T02:30:00","guid":{"rendered":"https:\/\/www.radiopresidenteibanez.cl\/web\/?p=16692"},"modified":"2020-12-05T15:40:13","modified_gmt":"2020-12-05T15:40:13","slug":"nueva-residencia-sanitaria-en-punta-arenas-permitira-aislamiento-seguro-para-grupos-familiares-en-instalaciones-tipo-departamentos","status":"publish","type":"post","link":"https:\/\/www.radiopresidenteibanez.cl\/web\/nueva-residencia-sanitaria-en-punta-arenas-permitira-aislamiento-seguro-para-grupos-familiares-en-instalaciones-tipo-departamentos\/","title":{"rendered":"NUEVA RESIDENCIA SANITARIA EN PUNTA ARENAS PERMITIR\u00c1 AISLAMIENTO SEGURO PARA GRUPOS FAMILIARES EN INSTALACIONES TIPO DEPARTAMENTOS"},"content":{"rendered":"\n<p>Una nueva residencia sanitaria est\u00e1\noperativa desde el lunes 30 de noviembre en Punta Arenas. Se trata de una\ninstalaci\u00f3n con 27 habitaciones, algunas de ellas equipadas tipo departamento\nque permiten alojar a grupos familiares con mayor comodidad y bienestar, sobre\ntodo para ni\u00f1os\/as menores.<\/p>\n\n\n\n<p>Las Residencias Sanitarias son\nestablecimientos que cuentan con las comodidades necesarias para cumplir el\nperiodo de cuarentena, con&nbsp; servicio de\nalimentaci\u00f3n y cuidados b\u00e1sicos que el Ministerio de Salud ha dispuesto a lo\nlargo del pa\u00eds.<\/p>\n\n\n\n<p>\u00c9stas, se orientan a personas con\nCOVID-19 confirmado, contactos estrechos, probables o sospecha, sin\nrequerimiento de hospitalizaci\u00f3n y que, por diversos factores, no cuentan con\ncondiciones de habitabilidad apropiadas en sus domicilios particulares. Cada\nresidencia cuenta con el apoyo de equipo t\u00e9cnico de salud permanente y\nsupervisi\u00f3n por profesional id\u00f3neo de salud, adem\u00e1s de atenci\u00f3n m\u00e9dica y\npsicol\u00f3gica.<\/p>\n\n\n\n<p>Sobre esta nueva dependencia, Maribel\nBustos, Encargada de Residencias Sanitarias de la regi\u00f3n de Magallanes\nse\u00f1al\u00f3:&nbsp; \u201cEsta nueva residencia sanitaria\nviene a complementar el servicio que como estrategia de residencias sanitarias\nhemos venido entregando, que permite entregar las condiciones adecuadas para\nque las personas puedan cumplir su aislamiento y que este sea seguro y\ncontrolado y en ese sentido esta nueva dependencia nos viene a ayudar ya que es\nun hotel con acceso universal, que cuenta con ascensor y habitaciones amplias\npensadas para el ingreso de familias y que obviamente necesitan un espacio\namplio y adecuado para su bienestar y poder contar con esta nueva modalidad de\nhabitaciones tipo departamento, entrega todas las comodidades que se requieren\npara estos grupos\u201d. <\/p>\n\n\n\n<p>Las residencias sanitarias entregan\nuna alternativa real y concreta de aislamiento, para que nadie deje de cumplir\nadecuadamente la cuarentena que instruye la Autoridad Sanitaria y que tambi\u00e9n\ntiene como fin evitar que el virus se propague a personas sanas y las enferme.<\/p>\n\n\n\n<p>Los requisitos para hacer uso de esta\nestrategia son ser personas&nbsp; autovalentes,\nasintom\u00e1ticos o con s\u00edntomas leves, con enfermedades cr\u00f3nicas compensadas o sin\nposibilidad de realizar cuarentena en su domicilio por hacinamiento, falta de\nred de apoyo,&nbsp; por riesgo para su grupo\nfamiliar o viven con personas de riesgo como pacientes cr\u00f3nicos<\/p>\n\n\n\n<p>En tanto el Seremi (s) de Salud,\nEduardo Castillo agreg\u00f3 que: \u201c Queremos recordar la importancia que tiene esta\nestrategia en todo el plan de Testeo, Trazabilidad y Aislamiento y la finalidad\ntiene proporcionar las mejores condiciones posibles para el aislamiento de las\npersonas ya sean positivas, contactos estrechos, probables o sospechosos; sin\nuna instancia gratuita para todos independiente de la previsi\u00f3n que cuenta con\nba\u00f1o privado, cuatro comidas, televisi\u00f3n y wifi,&nbsp; atenci\u00f3n m\u00e9dica, atenci\u00f3n kin\u00e9sica, y\nacompa\u00f1amiento psicol\u00f3gico y transporte\u201d. <\/p>\n\n\n\n<p>&nbsp;La regi\u00f3n de Magallanes posee 285 habitaciones\nen 12 residencias distribuidas en todas las capitales provinciales. Al d\u00eda de\nhoy 157 usuarios hacen uso de esta estrategia y el porcentaje de ocupaci\u00f3n es\nde un 54%. <\/p>\n\n\n\n<p>Quienes requieran acceder&nbsp; a esta posibilidad para cumplir la cuarentena,\npueden manifestar su requerimiento durante el contacto que realicen los\nprofesionales de la SEREMI de Salud Magallanes como parte de la entrevista\nepidemiol\u00f3gica o a trav\u00e9s del equipo cl\u00ednico que lo atiende. Para consultas\nsobre acceso a residencias sanitarias se puede llamar al call center 800 726\n666<\/p>\n","protected":false},"excerpt":{"rendered":"<p>Una nueva residencia sanitaria est\u00e1 operativa desde el lunes 30 de noviembre en Punta Arenas. Se trata de una instalaci\u00f3n con 27 habitaciones, algunas de ellas equipadas tipo departamento que&#8230; <a class=\"read-more\" href=\"https:\/\/www.radiopresidenteibanez.cl\/web\/nueva-residencia-sanitaria-en-punta-arenas-permitira-aislamiento-seguro-para-grupos-familiares-en-instalaciones-tipo-departamentos\/\">Leer m\u00e1s<\/a><\/p>\n","protected":false},"author":2,"featured_media":16693,"comment_status":"closed","ping_status":"closed","sticky":false,"template":"","format":"standard","meta":{"footnotes":""},"categories":[1],"tags":[],"class_list":["post-16692","post","type-post","status-publish","format-standard","has-post-thumbnail","hentry","category-cronica"],"_links":{"self":[{"href":"https:\/\/www.radiopresidenteibanez.cl\/web\/wp-json\/wp\/v2\/posts\/16692","targetHints":{"allow":["GET"]}}],"collection":[{"href":"https:\/\/www.radiopresidenteibanez.cl\/web\/wp-json\/wp\/v2\/posts"}],"about":[{"href":"https:\/\/www.radiopresidenteibanez.cl\/web\/wp-json\/wp\/v2\/types\/post"}],"author":[{"embeddable":true,"href":"https:\/\/www.radiopresidenteibanez.cl\/web\/wp-json\/wp\/v2\/users\/2"}],"replies":[{"embeddable":true,"href":"https:\/\/www.radiopresidenteibanez.cl\/web\/wp-json\/wp\/v2\/comments?post=16692"}],"version-history":[{"count":0,"href":"https:\/\/www.radiopresidenteibanez.cl\/web\/wp-json\/wp\/v2\/posts\/16692\/revisions"}],"wp:featuredmedia":[{"embeddable":true,"href":"https:\/\/www.radiopresidenteibanez.cl\/web\/wp-json\/wp\/v2\/media\/16693"}],"wp:attachment":[{"href":"https:\/\/www.radiopresidenteibanez.cl\/web\/wp-json\/wp\/v2\/media?parent=16692"}],"wp:term":[{"taxonomy":"category","embeddable":true,"href":"https:\/\/www.radiopresidenteibanez.cl\/web\/wp-json\/wp\/v2\/categories?post=16692"},{"taxonomy":"post_tag","embeddable":true,"href":"https:\/\/www.radiopresidenteibanez.cl\/web\/wp-json\/wp\/v2\/tags?post=16692"}],"curies":[{"name":"wp","href":"https:\/\/api.w.org\/{rel}","templated":true}]}}