{"id":16689,"date":"2020-12-06T03:15:00","date_gmt":"2020-12-06T03:15:00","guid":{"rendered":"https:\/\/www.radiopresidenteibanez.cl\/web\/?p=16689"},"modified":"2020-12-05T15:37:33","modified_gmt":"2020-12-05T15:37:33","slug":"estudiantes-se-capacitan-en-programa-de-seguridad-y-autocuidado","status":"publish","type":"post","link":"https:\/\/www.radiopresidenteibanez.cl\/web\/estudiantes-se-capacitan-en-programa-de-seguridad-y-autocuidado\/","title":{"rendered":"ESTUDIANTES SE CAPACITAN EN PROGRAMA DE SEGURIDAD Y AUTOCUIDADO"},"content":{"rendered":"\n<p>Con el prop\u00f3sito de mejorar la conducta en\nseguridad, fomentar la prevenci\u00f3n de riesgos y el autocuidado, 32 estudiantes\nde las carreras de Topograf\u00eda y Operaciones Mineras del Instituto Profesional y\nCentro de Formaci\u00f3n T\u00e9cnica Santo Tom\u00e1s se capacitaron en el programa Safestart\nque imparte Enap Magallanes y a estudiantes de Santo Tom\u00e1s desde el a\u00f1o 2018.<\/p>\n\n\n\n<p>A ra\u00edz de la pandemia, en esta oportunidad, la\ncapacitaci\u00f3n se realiz\u00f3 v\u00eda online, lo que permiti\u00f3 que, desde Santiago, los\nestudiantes del IP-CFT Santo Joaqu\u00edn pudieran participar del taller de\ncapacitaci\u00f3n.<\/p>\n\n\n\n<p>Al respecto, Teresa Maita, jefa de carrera de\nOperaciones Mineras del Instituto Profesional Santo Tomas Punta Arenas, destac\u00f3\nel aporte de la direcci\u00f3n de comunidades de Enap Magallanes hacia los\nestudiantes. \u201cEste taller contribuye de manera oportuna y pertinente con su\nproceso formativo y es un complemento muy importante, ya que desde la\nexperiencia de profesionales del mundo laboral es como se fortalecen los\nconocimientos, habilidades, competencias t\u00e9cnicas y transversales establecidas\nen el perfil de egreso de nuestras carreras\u201d, coment\u00f3.<\/p>\n\n\n\n<p>La docente agreg\u00f3 que esta capacitaci\u00f3n ofrece\nal estudiante t\u00e9cnicas para profundizar el nivel de concientizaci\u00f3n sobre la\nseguridad, prevenci\u00f3n de riesgos y autocuidado, al momento de llevar a cabo\nacciones en el trabajo, en el hogar, al conducir, en la escuela, entre otros y\npoder reconocer estados conductuales que llevan a cometer incidentes o accidentes.<\/p>\n\n\n\n<p>Cabe destacar que las carreras del \u00c1rea de Ingeniera\ndel Instituto Profesional Santo Tom\u00e1s de Punta Arenas han participado ininterrumpidamente\ndesde el a\u00f1o 2018 del programa de seguridad Safestart que imparte Enap\nMagallanes, a trav\u00e9s de la prevencioncita de riesgos de la direcci\u00f3n de\ncomunidades de la empresa estatal.&nbsp; &nbsp;<\/p>\n","protected":false},"excerpt":{"rendered":"<p>Con el prop\u00f3sito de mejorar la conducta en seguridad, fomentar la prevenci\u00f3n de riesgos y el autocuidado, 32 estudiantes de las carreras de Topograf\u00eda y Operaciones Mineras del Instituto Profesional&#8230; <a class=\"read-more\" href=\"https:\/\/www.radiopresidenteibanez.cl\/web\/estudiantes-se-capacitan-en-programa-de-seguridad-y-autocuidado\/\">Leer m\u00e1s<\/a><\/p>\n","protected":false},"author":2,"featured_media":16690,"comment_status":"closed","ping_status":"closed","sticky":false,"template":"","format":"standard","meta":{"footnotes":""},"categories":[1],"tags":[],"class_list":["post-16689","post","type-post","status-publish","format-standard","has-post-thumbnail","hentry","category-cronica"],"_links":{"self":[{"href":"https:\/\/www.radiopresidenteibanez.cl\/web\/wp-json\/wp\/v2\/posts\/16689","targetHints":{"allow":["GET"]}}],"collection":[{"href":"https:\/\/www.radiopresidenteibanez.cl\/web\/wp-json\/wp\/v2\/posts"}],"about":[{"href":"https:\/\/www.radiopresidenteibanez.cl\/web\/wp-json\/wp\/v2\/types\/post"}],"author":[{"embeddable":true,"href":"https:\/\/www.radiopresidenteibanez.cl\/web\/wp-json\/wp\/v2\/users\/2"}],"replies":[{"embeddable":true,"href":"https:\/\/www.radiopresidenteibanez.cl\/web\/wp-json\/wp\/v2\/comments?post=16689"}],"version-history":[{"count":0,"href":"https:\/\/www.radiopresidenteibanez.cl\/web\/wp-json\/wp\/v2\/posts\/16689\/revisions"}],"wp:featuredmedia":[{"embeddable":true,"href":"https:\/\/www.radiopresidenteibanez.cl\/web\/wp-json\/wp\/v2\/media\/16690"}],"wp:attachment":[{"href":"https:\/\/www.radiopresidenteibanez.cl\/web\/wp-json\/wp\/v2\/media?parent=16689"}],"wp:term":[{"taxonomy":"category","embeddable":true,"href":"https:\/\/www.radiopresidenteibanez.cl\/web\/wp-json\/wp\/v2\/categories?post=16689"},{"taxonomy":"post_tag","embeddable":true,"href":"https:\/\/www.radiopresidenteibanez.cl\/web\/wp-json\/wp\/v2\/tags?post=16689"}],"curies":[{"name":"wp","href":"https:\/\/api.w.org\/{rel}","templated":true}]}}