{"id":16683,"date":"2020-12-05T15:30:09","date_gmt":"2020-12-05T15:30:09","guid":{"rendered":"https:\/\/www.radiopresidenteibanez.cl\/web\/?p=16683"},"modified":"2020-12-05T15:30:15","modified_gmt":"2020-12-05T15:30:15","slug":"minvu-finalizo-mejoramiento-de-estandar-urbano-de-calle-21-de-mayo-magallanes","status":"publish","type":"post","link":"https:\/\/www.radiopresidenteibanez.cl\/web\/minvu-finalizo-mejoramiento-de-estandar-urbano-de-calle-21-de-mayo-magallanes\/","title":{"rendered":"MINVU FINALIZ\u00d3 MEJORAMIENTO DE EST\u00c1NDAR URBANO DE CALLE 21 DE MAYO- MAGALLANES"},"content":{"rendered":"\n<p>En un recorrido por calle Magallanes, el Seremi Minvu Jos\u00e9 Miguel Horcos y el Director Regional del Serviu, Dubalio P\u00e9rez, informaron la finalizaci\u00f3n de esta importante obra vial, ubicada en el coraz\u00f3n de la ciudad. Junto al Alcalde Claudio Radonich hicieron un llamado a cuidar esta restauraci\u00f3n, ya que beneficia a la comunidad en su conjunto, por constituir una de las principales v\u00edas del centro c\u00edvico de Punta Arenas, donde transita locomoci\u00f3n p\u00fablica y confluyen establecimientos educacionales, Servicios P\u00fablicos, infraestructura cultural, comercial y tur\u00edstica.<\/p>\n\n\n\n<p>El&nbsp;<strong>Seremi Minvu, Jos\u00e9 Miguel Horcos<\/strong>, se\u00f1al\u00f3&nbsp;<strong>\u201cEsta obra es parte de lo que est\u00e1 haciendo el Ministerio de Vivienda y Urbanismo en la Regi\u00f3n, junto con el mejoramiento y pavimentaci\u00f3n de diversas calles y los avances en materia habitacional. Cont\u00f3 con una inversi\u00f3n cercana a los 1.200 millones pesos provenientes de fondos del Gobierno Regional por lo que corresponde a un trabajo mancomunado con la Intendenta y cuerpo de consejeros\u201d<\/strong>.<\/p>\n\n\n\n<p>Respecto a la extensi\u00f3n del proyecto, el&nbsp;<strong>Director Regional del Serviu,<\/strong>&nbsp;<strong>Dubalio P\u00e9rez Ruiz<\/strong>, inform\u00f3&nbsp;<strong>\u201cEs un proyecto que abarca desde Avenida Independencia a Avenida Col\u00f3n, con muy alto est\u00e1ndar, el que se aprecia en la calidad de sus aceras y que adem\u00e1s dej\u00f3 instaladas todas las canalizaciones subterr\u00e1neas para que en un pr\u00f3ximo contrato se puedan bajar los cables del tendido el\u00e9ctrico y de corrientes d\u00e9biles, aumentando as\u00ed la limpieza visual del sector.<\/strong><\/p>\n\n\n\n<p>En total fueron instalados 11 mil metros lineales de ductos bajo la superficie, para el futuro soterrado del cableado, adem\u00e1s se renov\u00f3 la totalidad de ductos de semaforizaci\u00f3n, trabajo realizado en conjunto con la Direcci\u00f3n de Tr\u00e1nsito de la Ilustre Municipalidad de Punta Arenas y de la antigua red de gas natural existente en la totalidad del tramo. En superficie, se confeccionaron cerca de 5 mil metros cuadrados de calzada de 10 metros de ancho, se instalaron 600 metros lineales de colector de aguas lluvias y 4 mil metros cuadrados de aceras. En cuanto a ornamentaci\u00f3n, se instalaron 48 faroles que aportan a la iluminaci\u00f3n peatonal y vial del centro de la ciudad.<\/p>\n\n\n\n<p>El&nbsp;<strong>Alcalde Claudio Radonich<\/strong>&nbsp;agradeci\u00f3 el trabajo del Minvu y el Serviu, as\u00ed como la inversi\u00f3n del Gobierno Regional, para elevar el est\u00e1ndar de calle 21 de Mayo \u2013 Magallanes, al nivel de Lautaro Navarro y algunos tramos de calle Bories&nbsp;<strong>\u201cEstamos invitando a los vecinos a que vuelvan al centro. Como Municipalidad estamos trabajando para mejorar peque\u00f1as cosas como limpieza de algunos grafittis y esperamos que esta obra se mantenga como est\u00e1, ya que releva el centro, con un est\u00e1ndar que pocas ciudades de regiones tienen, la invitaci\u00f3n es a cuidarla y a que este tipo de obras se vayan multiplicando\u201d.<\/strong><\/p>\n\n\n\n<p>El proyecto, otorga mejores condiciones de desplazamiento a adultos mayores, personas con discapacidad y movilidad reducida, ya que se implementaron los elementos de accesibilidad universal que establece la normativa, considerando la experiencia de las propias organizaciones e instituciones que trabajan en la inclusi\u00f3n de personas con discapacidad. Fue as\u00ed que se estableci\u00f3 una ruta accesible en todo el trayecto, situando las aceras pigmentadas y con relieve, solo en un costado de la v\u00eda.<\/p>\n\n\n\n<p>En este sentido, el Director Regional del Serviu, hizo un especial llamado a cuidar esta v\u00eda, informando que actualmente se ejecutan dos contratos por 1600 millones de pesos destinados a reponer pavimentos e infraestructura que se ha visto da\u00f1ada en el contexto de las manifestaciones sociales, cuya inversi\u00f3n equivale al costo de 40 viviendas.<\/p>\n\n\n\n<p>Si bien la empresa contratista Axis S.A. a cargo de la ejecuci\u00f3n de la obra, solicit\u00f3 aumentos de plazo debido a periodos de paralizaci\u00f3n en los meses de octubre del a\u00f1o pasado y abril del presente a\u00f1o, adem\u00e1s de retrasos en la cadena de abastecimiento originados por la pandemia, las autoridades destacaron que, al retomar las faenas, se adoptaron correctamente todos los protocolos indicados por la autoridad sanitaria, no registrando contagios de COVID-19 dentro de la obra.<\/p>\n","protected":false},"excerpt":{"rendered":"<p>En un recorrido por calle Magallanes, el Seremi Minvu Jos\u00e9 Miguel Horcos y el Director Regional del Serviu, Dubalio P\u00e9rez, informaron la finalizaci\u00f3n de esta importante obra vial, ubicada en&#8230; <a class=\"read-more\" href=\"https:\/\/www.radiopresidenteibanez.cl\/web\/minvu-finalizo-mejoramiento-de-estandar-urbano-de-calle-21-de-mayo-magallanes\/\">Leer m\u00e1s<\/a><\/p>\n","protected":false},"author":2,"featured_media":16684,"comment_status":"closed","ping_status":"closed","sticky":false,"template":"","format":"standard","meta":{"footnotes":""},"categories":[1],"tags":[],"class_list":["post-16683","post","type-post","status-publish","format-standard","has-post-thumbnail","hentry","category-cronica"],"_links":{"self":[{"href":"https:\/\/www.radiopresidenteibanez.cl\/web\/wp-json\/wp\/v2\/posts\/16683","targetHints":{"allow":["GET"]}}],"collection":[{"href":"https:\/\/www.radiopresidenteibanez.cl\/web\/wp-json\/wp\/v2\/posts"}],"about":[{"href":"https:\/\/www.radiopresidenteibanez.cl\/web\/wp-json\/wp\/v2\/types\/post"}],"author":[{"embeddable":true,"href":"https:\/\/www.radiopresidenteibanez.cl\/web\/wp-json\/wp\/v2\/users\/2"}],"replies":[{"embeddable":true,"href":"https:\/\/www.radiopresidenteibanez.cl\/web\/wp-json\/wp\/v2\/comments?post=16683"}],"version-history":[{"count":0,"href":"https:\/\/www.radiopresidenteibanez.cl\/web\/wp-json\/wp\/v2\/posts\/16683\/revisions"}],"wp:featuredmedia":[{"embeddable":true,"href":"https:\/\/www.radiopresidenteibanez.cl\/web\/wp-json\/wp\/v2\/media\/16684"}],"wp:attachment":[{"href":"https:\/\/www.radiopresidenteibanez.cl\/web\/wp-json\/wp\/v2\/media?parent=16683"}],"wp:term":[{"taxonomy":"category","embeddable":true,"href":"https:\/\/www.radiopresidenteibanez.cl\/web\/wp-json\/wp\/v2\/categories?post=16683"},{"taxonomy":"post_tag","embeddable":true,"href":"https:\/\/www.radiopresidenteibanez.cl\/web\/wp-json\/wp\/v2\/tags?post=16683"}],"curies":[{"name":"wp","href":"https:\/\/api.w.org\/{rel}","templated":true}]}}