{"id":1668,"date":"2019-02-27T17:30:44","date_gmt":"2019-02-27T17:30:44","guid":{"rendered":"http:\/\/www.radiopresidenteibanez.cl\/web\/?p=1668"},"modified":"2019-02-27T17:31:13","modified_gmt":"2019-02-27T17:31:13","slug":"alejandra-bravo-ministra-s-de-bienes-nacionales-destaco-aporte-de-la-region-de-magallanes-para-lograr-compromiso-presidencial-chile-propietario","status":"publish","type":"post","link":"https:\/\/www.radiopresidenteibanez.cl\/web\/alejandra-bravo-ministra-s-de-bienes-nacionales-destaco-aporte-de-la-region-de-magallanes-para-lograr-compromiso-presidencial-chile-propietario\/","title":{"rendered":"ALEJANDRA BRAVO, MINISTRA (S) DE BIENES NACIONALES DESTAC\u00d3 APORTE DE LA REGI\u00d3N DE MAGALLANES PARA LOGRAR COMPROMISO PRESIDENCIAL CHILE PROPIETARIO"},"content":{"rendered":"\n<p>Alejandra Bravo, ministra subrogante de Bienes\nNacionales, anunci\u00f3 que gracias al Programa Chile Propietario se duplicar\u00e1 la\ncantidad de t\u00edtulos de dominio inscritos en el pasado cuatrienio a trav\u00e9s del\nDecreto Ley N\u00b0 2.695. <\/p>\n\n\n\n<p>La autoridad explic\u00f3 que para ello se dieron tres\navances fundamentales. El primero fue abordar el rezago de casos que hab\u00eda\ninicialmente (marzo 2018) y que alcanzaba la cifra de 58 mil expedientes. De\nese total hoy se encuentran en etapa de mensura 29 mil casos.<\/p>\n\n\n\n<p>El segundo fue agilizar y disminuir los tiempos\nde tramitaci\u00f3n gracias a la suscripci\u00f3n de convenios, entre ellos con\nuniversidades que ofrecen la carrera de geomensura, facilitando la pr\u00e1ctica de\nestudiantes en las oficinas del pa\u00eds y generando alianzas con diversos\nmunicipios. As\u00ed, el ministerio busca disminuir el tiempo de tramitaci\u00f3n de la\ninscripci\u00f3n del t\u00edtulo de dominio a no m\u00e1s de 12 meses. <\/p>\n\n\n\n<p>Finalmente, la autoridad de la cartera manifest\u00f3\nque se potenci\u00f3 el acceso on l\u00edne a los requisitos que se necesitan para\npostular y para ello se habilit\u00f3 recientemente un banner (Chile Propietario) en\nla p\u00e1gina www.bienesnacionales.cl para que los potenciales beneficiarios hagan\nsus primeras consultas.<\/p>\n\n\n\n<p>Alejandra Bravo se refiri\u00f3 tambi\u00e9n a lo que ocurre\nen Magallanes \u00abquien -dijo- hace un gran aporte para mejorar\nsustantivamente el n\u00famero de beneficiarios que recibir\u00e1n sus t\u00edtulos de dominio\nal final de este gobierno\u00bb. <\/p>\n\n\n\n<p>La oficina regional, a cargo de la\nseremi Francisca Rojas, ejecuta actualmente un Programa de Regularizaci\u00f3n de\nT\u00edtulos de Dominio Urbano y Rural, financiado por el F.N.D.R., que a&nbsp; mediados del a\u00f1o pasado ampli\u00f3&nbsp; su cobertura a familias de clase media y\nreforz\u00f3 la atenci\u00f3n jur\u00eddica y el ingreso de casos en la Provincia de Ultima\nEsperanza.<\/p>\n\n\n\n<p>Concluy\u00f3 diciendo que Bienes Nacionales espera superar\nla cifra de 28\nmil t\u00edtulos inscritos en el anterior cuatrienio, y como aliciente a mediados de\neste a\u00f1o, se entregar\u00e1n 25 mil t\u00edtulos de dominio en Chile y se habr\u00e1 modernizado\nla gesti\u00f3n de la Divisi\u00f3n de Constituci\u00f3n de la Peque\u00f1a Propiedad Ra\u00edz.<\/p>\n","protected":false},"excerpt":{"rendered":"<p>Alejandra Bravo, ministra subrogante de Bienes Nacionales, anunci\u00f3 que gracias al Programa Chile Propietario se duplicar\u00e1 la cantidad de t\u00edtulos de dominio inscritos en el pasado cuatrienio a trav\u00e9s del&#8230; <a class=\"read-more\" href=\"https:\/\/www.radiopresidenteibanez.cl\/web\/alejandra-bravo-ministra-s-de-bienes-nacionales-destaco-aporte-de-la-region-de-magallanes-para-lograr-compromiso-presidencial-chile-propietario\/\">Leer m\u00e1s<\/a><\/p>\n","protected":false},"author":2,"featured_media":1669,"comment_status":"closed","ping_status":"closed","sticky":false,"template":"","format":"standard","meta":{"footnotes":""},"categories":[1],"tags":[],"class_list":["post-1668","post","type-post","status-publish","format-standard","has-post-thumbnail","hentry","category-cronica"],"_links":{"self":[{"href":"https:\/\/www.radiopresidenteibanez.cl\/web\/wp-json\/wp\/v2\/posts\/1668","targetHints":{"allow":["GET"]}}],"collection":[{"href":"https:\/\/www.radiopresidenteibanez.cl\/web\/wp-json\/wp\/v2\/posts"}],"about":[{"href":"https:\/\/www.radiopresidenteibanez.cl\/web\/wp-json\/wp\/v2\/types\/post"}],"author":[{"embeddable":true,"href":"https:\/\/www.radiopresidenteibanez.cl\/web\/wp-json\/wp\/v2\/users\/2"}],"replies":[{"embeddable":true,"href":"https:\/\/www.radiopresidenteibanez.cl\/web\/wp-json\/wp\/v2\/comments?post=1668"}],"version-history":[{"count":0,"href":"https:\/\/www.radiopresidenteibanez.cl\/web\/wp-json\/wp\/v2\/posts\/1668\/revisions"}],"wp:featuredmedia":[{"embeddable":true,"href":"https:\/\/www.radiopresidenteibanez.cl\/web\/wp-json\/wp\/v2\/media\/1669"}],"wp:attachment":[{"href":"https:\/\/www.radiopresidenteibanez.cl\/web\/wp-json\/wp\/v2\/media?parent=1668"}],"wp:term":[{"taxonomy":"category","embeddable":true,"href":"https:\/\/www.radiopresidenteibanez.cl\/web\/wp-json\/wp\/v2\/categories?post=1668"},{"taxonomy":"post_tag","embeddable":true,"href":"https:\/\/www.radiopresidenteibanez.cl\/web\/wp-json\/wp\/v2\/tags?post=1668"}],"curies":[{"name":"wp","href":"https:\/\/api.w.org\/{rel}","templated":true}]}}