{"id":16673,"date":"2020-12-05T02:45:00","date_gmt":"2020-12-05T02:45:00","guid":{"rendered":"https:\/\/www.radiopresidenteibanez.cl\/web\/?p=16673"},"modified":"2020-12-04T18:52:41","modified_gmt":"2020-12-04T18:52:41","slug":"destacamento-de-infanteria-de-marina-n-4-cochrane-71-anos-de-servicio-en-el-chile-austral","status":"publish","type":"post","link":"https:\/\/www.radiopresidenteibanez.cl\/web\/destacamento-de-infanteria-de-marina-n-4-cochrane-71-anos-de-servicio-en-el-chile-austral\/","title":{"rendered":"DESTACAMENTO DE INFANTER\u00cdA DE MARINA N\u00b0 4 \u201cCOCHRANE\u201d: 71 A\u00d1OS DE SERVICIO EN EL CHILE AUSTRAL"},"content":{"rendered":"\n<p>El Destacamento de Infanter\u00eda de Marina N\u00b04 \u201cCochrane\u201d conmemora un nuevo aniversario en un contexto diferente, pero no por esto menos significativo. Siendo participe al igual que otras unidades y reparticiones de la Instituci\u00f3n del despliegue en el actual contexto de emergencia sanitaria, siendo esta la Unidad anfibia m\u00e1s austral de Chile y parte de la proyecci\u00f3n del Poder Naval en el \u00e1mbito terrestre.<\/p>\n\n\n\n<p>La Unidad fue fundada en Punta Arenas el 5 de diciembre de 1949, con el nombre de Cuarta Compa\u00f1\u00eda de Infanter\u00eda de Marina. Inici\u00f3 sus actividades profesionales estableci\u00e9ndose en el cuartel Almirante Se\u00f1oret, recibiendo en sus reducidos patios al primer contingente de soldados conscriptos, en febrero de 1950.<\/p>\n\n\n\n<p>A mediados de 1954, la Secci\u00f3n se traslad\u00f3 a su actual ubicaci\u00f3n en R\u00edo de los Ciervos, donde se trazaron los planos para su ubicaci\u00f3n definitiva y recibe, en 1959, la denominaci\u00f3n de Batall\u00f3n de Infanter\u00eda de Marina N\u00b0 4 Punta Arenas.<\/p>\n\n\n\n<p>Posteriormente, el 13 de febrero de 1962 se cambi\u00f3 su nombre al de Regimiento de Defensa de Costa N\u00b0 4 Cochrane, como justo homenaje a ese gran marino ingl\u00e9s, Lord Thomas Alexander Cochrane, que comandara la Escuadra Nacional en el proceso de Independencia.<\/p>\n\n\n\n<p>En 1966 la Unidad pas\u00f3 a denominarse Destacamento de Infanter\u00eda de Marina N\u00ba4 Cochrane, nombre que a\u00fan conserva.<\/p>\n\n\n\n<p>Dependiente de la Tercera Zona Naval y aposentando en la ciudad de Punta Arenas, el Destacamento de Infanter\u00eda de Marina N\u00ba 4 \u201cCochrane\u201d tiene como tarea principal la protecci\u00f3n de las costas australes de nuestra naci\u00f3n.&nbsp;<\/p>\n\n\n\n<p>Sus capacidades de combate y condici\u00f3n de listos para actuar, le permiten operar de forma eficiente en el complejo escenario austral del pa\u00eds.<\/p>\n\n\n\n<p>Presentes en distintos momentos cr\u00edticos destacan en el despliegue a causa de la Crisis del Islote Snipe en 1958, despliegue ante la crisis de Laguna del Desierto en 1965, el incidente de isla Deceit en 1977 y durante el cr\u00edtico periodo que involucr\u00f3 el gran conflicto del Beagle en el vasto territorio austral continental, insular y mar\u00edtimo que conllev\u00f3 a una serie de esfuerzos extraordinarios en la defensa de los intereses nacionales.<\/p>\n\n\n\n<p>El Destacamento IM N\u00b04 \u201cCochrane\u201d ha participado en actividades de apoyo a la comunidad para los desastres naturales que han ocurrido en la regi\u00f3n, de esta manera siendo fundamentales en la conexi\u00f3n regionales y labores de rescate durante el \u201cTerremoto Blanco\u201d en 1995,&nbsp; el desborde del R\u00edo Las Minas ocurrido en marzo de 2012, el incendio en el Parque \u201cTorres del Paine\u201d del a\u00f1o 2011, apoyando a las Brigadas que estuvieron apagando el incendio, as\u00ed como diversas labores de b\u00fasqueda y rescate en diferentes canales de la regi\u00f3n.<\/p>\n\n\n\n<p>El Comandante del DIM N\u00b0 4 \u201cCochrane\u201d, Capit\u00e1n de Fragata IM Patricio Vera, comenta que \u201cdesde su fundaci\u00f3n nuestro Destacamento ha cumplido diferentes roles en momentos de emergencia y crisis, con el objetivo de apoyar a la comunidad magall\u00e1nica y al desarrollo de esta aislada regi\u00f3n. De esta manera se abrieron las primeras brechas de conexi\u00f3n en apartadas zonas insulares, estando presentes en momentos de angustia, pero siempre estando dispuestos y preparados para actuar en diferentes labores al servicio de la Patria\u201d.<\/p>\n\n\n\n<p>Es as\u00ed como, durante el desarrollo de la actual emergencia sanitaria, los miembros del \u201cCochrane\u201d han estado desplegados desde el primer momento, apoyando a la comunidad en el resguardo de Centros de Salud, Vacunatorios, distribuci\u00f3n de ayuda de alimentos y enseres, patrullajes y controles, tanto en la Regi\u00f3n de Magallanes como en apoyo a otras zonas del territorio nacional, estando desplegados durante los \u00faltimos meses lidiando con las inclemencias de los vientos y bajas temperaturas de la Regi\u00f3n de Magallanes.<\/p>\n\n\n\n<p>De esta manera los Infantes de Marina del DIM N\u00b0 4 \u201cCochrane\u201d han conformado una organizaci\u00f3n \u00fanica y un equipo humano de excelencia, que se ha ganado un espacio en la historia de la Regi\u00f3n de Magallanes, estando presentes y activos en la Seguridad e Intereses Territoriales, Desarrollo Nacional y Presencia del Estado, desarrollando labores en el \u00e1mbito de la Emergencia y Protecci\u00f3n Civil, adem\u00e1s de colaborar en forma decisiva en la Cooperaci\u00f3n Internacional.<\/p>\n","protected":false},"excerpt":{"rendered":"<p>El Destacamento de Infanter\u00eda de Marina N\u00b04 \u201cCochrane\u201d conmemora un nuevo aniversario en un contexto diferente, pero no por esto menos significativo. Siendo participe al igual que otras unidades y&#8230; <a class=\"read-more\" href=\"https:\/\/www.radiopresidenteibanez.cl\/web\/destacamento-de-infanteria-de-marina-n-4-cochrane-71-anos-de-servicio-en-el-chile-austral\/\">Leer m\u00e1s<\/a><\/p>\n","protected":false},"author":2,"featured_media":16674,"comment_status":"closed","ping_status":"closed","sticky":false,"template":"","format":"standard","meta":{"footnotes":""},"categories":[1],"tags":[],"class_list":["post-16673","post","type-post","status-publish","format-standard","has-post-thumbnail","hentry","category-cronica"],"_links":{"self":[{"href":"https:\/\/www.radiopresidenteibanez.cl\/web\/wp-json\/wp\/v2\/posts\/16673","targetHints":{"allow":["GET"]}}],"collection":[{"href":"https:\/\/www.radiopresidenteibanez.cl\/web\/wp-json\/wp\/v2\/posts"}],"about":[{"href":"https:\/\/www.radiopresidenteibanez.cl\/web\/wp-json\/wp\/v2\/types\/post"}],"author":[{"embeddable":true,"href":"https:\/\/www.radiopresidenteibanez.cl\/web\/wp-json\/wp\/v2\/users\/2"}],"replies":[{"embeddable":true,"href":"https:\/\/www.radiopresidenteibanez.cl\/web\/wp-json\/wp\/v2\/comments?post=16673"}],"version-history":[{"count":0,"href":"https:\/\/www.radiopresidenteibanez.cl\/web\/wp-json\/wp\/v2\/posts\/16673\/revisions"}],"wp:featuredmedia":[{"embeddable":true,"href":"https:\/\/www.radiopresidenteibanez.cl\/web\/wp-json\/wp\/v2\/media\/16674"}],"wp:attachment":[{"href":"https:\/\/www.radiopresidenteibanez.cl\/web\/wp-json\/wp\/v2\/media?parent=16673"}],"wp:term":[{"taxonomy":"category","embeddable":true,"href":"https:\/\/www.radiopresidenteibanez.cl\/web\/wp-json\/wp\/v2\/categories?post=16673"},{"taxonomy":"post_tag","embeddable":true,"href":"https:\/\/www.radiopresidenteibanez.cl\/web\/wp-json\/wp\/v2\/tags?post=16673"}],"curies":[{"name":"wp","href":"https:\/\/api.w.org\/{rel}","templated":true}]}}