{"id":16670,"date":"2020-12-05T02:30:00","date_gmt":"2020-12-05T02:30:00","guid":{"rendered":"https:\/\/www.radiopresidenteibanez.cl\/web\/?p=16670"},"modified":"2020-12-04T18:50:07","modified_gmt":"2020-12-04T18:50:07","slug":"mineduc-invita-a-estudiantes-de-educacion-media-a-escribir-microcuentos-en-ingles","status":"publish","type":"post","link":"https:\/\/www.radiopresidenteibanez.cl\/web\/mineduc-invita-a-estudiantes-de-educacion-media-a-escribir-microcuentos-en-ingles\/","title":{"rendered":"MINEDUC INVITA A ESTUDIANTES DE EDUCACI\u00d3N MEDIA A ESCRIBIR MICROCUENTOS EN INGL\u00c9S"},"content":{"rendered":"\n<p>\u00a1Deja volar tu imaginaci\u00f3n, creatividad y talento y escribe en ingl\u00e9s! Este es el desaf\u00edo que el Programa Ingl\u00e9s Abre Puertas del Ministerio de Educaci\u00f3n hizo a los estudiantes de Educaci\u00f3n Media con el Concurso de Microcuentos \u00a1Spill the Ink 2020!.<\/p>\n\n\n\n<p>La idea es que los alumnos y alumnas de establecimientos municipales, de Servicios Locales de Educaci\u00f3n, particulares subvencionados y de Administraci\u00f3n Delegada, escriban un microcuento de entre 80 y 100 palabras -sin contar el t\u00edtulo- sobre alg\u00fan tema vinculado al desarrollo personal, el autocuidado o el cuidado de otros. El plazo para entregar las creaciones de forma digital es el 22 de diciembre a las 23:59 horas.<\/p>\n\n\n\n<p>Se seleccionar\u00e1n 16 microcuentos, los que ser\u00e1n publicados en una edici\u00f3n impresa que incluir\u00e1 ilustraciones profesionales. Adem\u00e1s, ser\u00e1n compartidos formato escrito y\/o audible en la web y redes sociales del Programa Ingl\u00e9s Abre Puertas y del Ministerio de Educaci\u00f3n.<\/p>\n\n\n\n<p>Los ganadores obtendr\u00e1n una copia de la edici\u00f3n impresa, adem\u00e1s de un diploma de reconocimiento, mientras que los establecimientos en los que estudian recibir\u00e1n dos copias de la publicaci\u00f3n.<\/p>\n\n\n\n<p>Para conocer m\u00e1s informaci\u00f3n sobre los requisitos de postulaci\u00f3n, bases del concurso, recomendaciones sobre c\u00f3mo redactar las publicaciones y contacto para resolver dudas, ingresar&nbsp;<a href=\"https:\/\/ingles.mineduc.cl\/2020\/11\/17\/te-atreves-al-desafio-participa-del-concurso-de-microcuentos-spill-the-ink\/\" target=\"_blank\" rel=\"noreferrer noopener\">aqu\u00ed<\/a>.<\/p>\n","protected":false},"excerpt":{"rendered":"<p>\u00a1Deja volar tu imaginaci\u00f3n, creatividad y talento y escribe en ingl\u00e9s! Este es el desaf\u00edo que el Programa Ingl\u00e9s Abre Puertas del Ministerio de Educaci\u00f3n hizo a los estudiantes de&#8230; <a class=\"read-more\" href=\"https:\/\/www.radiopresidenteibanez.cl\/web\/mineduc-invita-a-estudiantes-de-educacion-media-a-escribir-microcuentos-en-ingles\/\">Leer m\u00e1s<\/a><\/p>\n","protected":false},"author":2,"featured_media":16671,"comment_status":"closed","ping_status":"closed","sticky":false,"template":"","format":"standard","meta":{"footnotes":""},"categories":[1],"tags":[],"class_list":["post-16670","post","type-post","status-publish","format-standard","has-post-thumbnail","hentry","category-cronica"],"_links":{"self":[{"href":"https:\/\/www.radiopresidenteibanez.cl\/web\/wp-json\/wp\/v2\/posts\/16670","targetHints":{"allow":["GET"]}}],"collection":[{"href":"https:\/\/www.radiopresidenteibanez.cl\/web\/wp-json\/wp\/v2\/posts"}],"about":[{"href":"https:\/\/www.radiopresidenteibanez.cl\/web\/wp-json\/wp\/v2\/types\/post"}],"author":[{"embeddable":true,"href":"https:\/\/www.radiopresidenteibanez.cl\/web\/wp-json\/wp\/v2\/users\/2"}],"replies":[{"embeddable":true,"href":"https:\/\/www.radiopresidenteibanez.cl\/web\/wp-json\/wp\/v2\/comments?post=16670"}],"version-history":[{"count":0,"href":"https:\/\/www.radiopresidenteibanez.cl\/web\/wp-json\/wp\/v2\/posts\/16670\/revisions"}],"wp:featuredmedia":[{"embeddable":true,"href":"https:\/\/www.radiopresidenteibanez.cl\/web\/wp-json\/wp\/v2\/media\/16671"}],"wp:attachment":[{"href":"https:\/\/www.radiopresidenteibanez.cl\/web\/wp-json\/wp\/v2\/media?parent=16670"}],"wp:term":[{"taxonomy":"category","embeddable":true,"href":"https:\/\/www.radiopresidenteibanez.cl\/web\/wp-json\/wp\/v2\/categories?post=16670"},{"taxonomy":"post_tag","embeddable":true,"href":"https:\/\/www.radiopresidenteibanez.cl\/web\/wp-json\/wp\/v2\/tags?post=16670"}],"curies":[{"name":"wp","href":"https:\/\/api.w.org\/{rel}","templated":true}]}}