{"id":16667,"date":"2020-12-05T02:15:00","date_gmt":"2020-12-05T02:15:00","guid":{"rendered":"https:\/\/www.radiopresidenteibanez.cl\/web\/?p=16667"},"modified":"2020-12-04T18:48:31","modified_gmt":"2020-12-04T18:48:31","slug":"470-empresas-han-postulado-al-subsidio-al-empleo-en-magallanes","status":"publish","type":"post","link":"https:\/\/www.radiopresidenteibanez.cl\/web\/470-empresas-han-postulado-al-subsidio-al-empleo-en-magallanes\/","title":{"rendered":"470 EMPRESAS HAN POSTULADO AL SUBSIDIO AL EMPLEO EN MAGALLANES"},"content":{"rendered":"\n<p><em>El n\u00famero de\nempresas magall\u00e1nicas que acceden al Subsidio al Empleo suma y sigue,\nacumulando en las \u00faltimas semanas un total de 470 organizaciones que han\nrealizado su postulaci\u00f3n a trav\u00e9s del sitio <\/em><a href=\"http:\/\/www.subsidioalempleo.cl\">www.subsidioalempleo.cl<\/a><em>.<\/em><em><\/em><\/p>\n\n\n\n<p><em>As\u00ed lo\ndetall\u00f3 la Seremi del Trabajo, Victoria Cort\u00e9s Schiattino, junto al director\nregional de Sence Magallanes, Enrique Hern\u00e1ndez Pino, se\u00f1alando que este n\u00famero\nde empresas representa a m\u00e1s de 1.400 trabajadores de la regi\u00f3n.<\/em><em><\/em><\/p>\n\n\n\n<p><em>\u201cPara\nnosotros, este es un muy buen indicador, ya que nos estamos acercando a las 500\nempresas a las que estaremos dando cobertura a trav\u00e9s de este subsidio, lo que\nactualmente representa a un total de 1.435 trabajadores magall\u00e1nicos. Se trata\nde un buen n\u00famero considerando que, tanto en Punta Arenas como en Puerto\nNatales, a\u00fan estamos en fase 1, por lo que, creemos, en tanto sigan mejorando\nlas condiciones sanitarias y vayamos avanzando de etapa, ser\u00e1n m\u00e1s las empresas\nque accedan a este beneficio\u201d, explic\u00f3 la seremi.<\/em><em><\/em><\/p>\n\n\n\n<p><em>La autoridad\nrecord\u00f3 que el subsidio al Empleo contempla dos l\u00edneas: \u201cRegresa\u201d, que\nincentiva la reincorporaci\u00f3n de trabajadores que est\u00e1n con contratos\nsuspendidos por la ley de Protecci\u00f3n del Empleo, y \u201cContrata\u201d, que busca\nreactivar la econom\u00eda subsidiando la contrataci\u00f3n de nuevos trabajadores.<\/em><em><\/em><\/p>\n\n\n\n<p><em>\u201cRecordar que\nambas l\u00edneas contemplan montos m\u00e1s altos de subsidio para reincorporar o\ncontratar a mujeres, j\u00f3venes y personas con discapacidad, por lo que el llamado\nes a aprovechar este incentivo monetario que estamos entregando\u201d, a\u00f1adi\u00f3\nCort\u00e9s.<\/em><em><\/em><\/p>\n\n\n\n<p><em>Al respecto,\nel director regional de Sence, agreg\u00f3 que \u201cen lo que corresponde al subsidio\n\u2018Regresa\u2019, hay un total de 337 trabajadores postulados, mientras que para el\nsubsidio \u201cContrata\u201d, son casi 1.100 trabajadores en la regi\u00f3n. A nivel nacional\nson cerca de 38 mil las empresas que han postulado con m\u00e1s de 156 mil\ntrabajadores. Importante es recordar que hay plazo hasta el 31 de marzo del\n2021 para que las empresas postulen a este beneficio\u201d.<\/em><em><\/em><\/p>\n\n\n\n<p><em>Por \u00faltimo,\nlas autoridades recordaron los montos que ofrece cada subsidio, se\u00f1alando que,\npor un lado, <\/em>el \u201cRegresa\u201d, entrega a las empresas un aporte\nequivalente a $160.000, por cada trabajador que retorne a su puesto de trabajo.\nEn tanto, el subsidio \u201cContrata\u201d entrega el equivalente al 50% de la\nremuneraci\u00f3n bruta mensual, con tope de hasta $250.000, por cada nuevo\ntrabajador adicional contratado, recalcando que, para los j\u00f3venes, mujeres y\npersonas en situaci\u00f3n de discapacidad, el subsidio ser\u00e1 de un 60% de la\nremuneraci\u00f3n con tope de $270.000.<em><\/em><\/p>\n","protected":false},"excerpt":{"rendered":"<p>El n\u00famero de empresas magall\u00e1nicas que acceden al Subsidio al Empleo suma y sigue, acumulando en las \u00faltimas semanas un total de 470 organizaciones que han realizado su postulaci\u00f3n a&#8230; <a class=\"read-more\" href=\"https:\/\/www.radiopresidenteibanez.cl\/web\/470-empresas-han-postulado-al-subsidio-al-empleo-en-magallanes\/\">Leer m\u00e1s<\/a><\/p>\n","protected":false},"author":2,"featured_media":16668,"comment_status":"closed","ping_status":"closed","sticky":false,"template":"","format":"standard","meta":{"footnotes":""},"categories":[1],"tags":[],"class_list":["post-16667","post","type-post","status-publish","format-standard","has-post-thumbnail","hentry","category-cronica"],"_links":{"self":[{"href":"https:\/\/www.radiopresidenteibanez.cl\/web\/wp-json\/wp\/v2\/posts\/16667","targetHints":{"allow":["GET"]}}],"collection":[{"href":"https:\/\/www.radiopresidenteibanez.cl\/web\/wp-json\/wp\/v2\/posts"}],"about":[{"href":"https:\/\/www.radiopresidenteibanez.cl\/web\/wp-json\/wp\/v2\/types\/post"}],"author":[{"embeddable":true,"href":"https:\/\/www.radiopresidenteibanez.cl\/web\/wp-json\/wp\/v2\/users\/2"}],"replies":[{"embeddable":true,"href":"https:\/\/www.radiopresidenteibanez.cl\/web\/wp-json\/wp\/v2\/comments?post=16667"}],"version-history":[{"count":0,"href":"https:\/\/www.radiopresidenteibanez.cl\/web\/wp-json\/wp\/v2\/posts\/16667\/revisions"}],"wp:featuredmedia":[{"embeddable":true,"href":"https:\/\/www.radiopresidenteibanez.cl\/web\/wp-json\/wp\/v2\/media\/16668"}],"wp:attachment":[{"href":"https:\/\/www.radiopresidenteibanez.cl\/web\/wp-json\/wp\/v2\/media?parent=16667"}],"wp:term":[{"taxonomy":"category","embeddable":true,"href":"https:\/\/www.radiopresidenteibanez.cl\/web\/wp-json\/wp\/v2\/categories?post=16667"},{"taxonomy":"post_tag","embeddable":true,"href":"https:\/\/www.radiopresidenteibanez.cl\/web\/wp-json\/wp\/v2\/tags?post=16667"}],"curies":[{"name":"wp","href":"https:\/\/api.w.org\/{rel}","templated":true}]}}