{"id":16664,"date":"2020-12-05T02:00:00","date_gmt":"2020-12-05T02:00:00","guid":{"rendered":"https:\/\/www.radiopresidenteibanez.cl\/web\/?p=16664"},"modified":"2020-12-04T18:46:34","modified_gmt":"2020-12-04T18:46:34","slug":"seremi-de-energia-y-director-de-la-sec-magallanes-llaman-a-preferir-guirnaldas-navidenas-certificadas","status":"publish","type":"post","link":"https:\/\/www.radiopresidenteibanez.cl\/web\/seremi-de-energia-y-director-de-la-sec-magallanes-llaman-a-preferir-guirnaldas-navidenas-certificadas\/","title":{"rendered":"SEREMI DE ENERG\u00cdA Y DIRECTOR DE LA SEC MAGALLANES LLAMAN A PREFERIR GUIRNALDAS NAVIDE\u00d1AS CERTIFICADAS"},"content":{"rendered":"\n<p>Un llamado a que la ciudadan\u00eda compre y utilice guirnaldas navide\u00f1as con SELLO SEC, certificaci\u00f3n obligatoria para luces decorativas que deben estar conectadas a la red el\u00e9ctrica para operar, realizaron este lunes el Subsecretario de Energ\u00eda, Francisco L\u00f3pez; junto al Superintendente de la Electricidad y Combustibles (SEC), Luis \u00c1vila, durante una fiscalizaci\u00f3n a un establecimiento comercial en la comuna de Providencia.<\/p>\n\n\n\n<p>En tanto, en Magallanes, el SEREMI de Energ\u00eda, Nolberto S\u00e1ez, y el Director Regional de la SEC, Juan Barticevic, replicaron el mensaje de las autoridades nacionales entregando una serie de recomendaciones de seguridad respecto a los artefactos el\u00e9ctricos m\u00e1s usados durante Navidad y fin de a\u00f1o, tales como, las luces o guirnaldas y los alargadores, tambi\u00e9n conocidos como \u201czapatillas\u201d. &nbsp;<\/p>\n\n\n\n<p>Sumado a esto, llamaron a exigir el SELLO SEC para un uso seguro en las viviendas.<\/p>\n\n\n\n<p>Hasta la fecha, y seg\u00fan cifras de la SEC, durante 2020 se han certificado en el pa\u00eds 599.287 unidades de guirnaldas navide\u00f1as y 1.613.549 alargadores, mientras que, como resultado de las fiscalizaciones, se formularon cargos a 25 empresas por ingresar al pa\u00eds guirnaldas navide\u00f1as sin certificaci\u00f3n, junto a otros 17 procesos sancionatorios a empresas el\u00e9ctrica, por la misma falta, pero en este caso, respecto de los alargadores.<\/p>\n\n\n\n<p>Cabe destacar que la obligaci\u00f3n de certificar, y por tanto de tener SELLO SEC, es s\u00f3lo para las guirnaldas navide\u00f1as que se conectan a la red el\u00e9ctrica, por lo que las luces navide\u00f1as que funcionan con pilas o las denominadas \u201csolares\u201d no requieren esta certificaci\u00f3n.<\/p>\n\n\n\n<p><strong>MINIMIZAR SITUACIONES DE RIESGO<\/strong><\/p>\n\n\n\n<p>El SEREMI de Energ\u00eda de Magallanes, Nolberto S\u00e1ez, destac\u00f3 que como Ministerio de Energ\u00eda, buscan que estas fiestas de fin de a\u00f1o sean seguras y sin incidentes que lamentar.<\/p>\n\n\n\n<p>\u201cEste a\u00f1o las festividades estar\u00e1n marcadas por el contexto de pandemia que vive el pa\u00eds. Por ello mediante la SEC, se ha fiscalizado la venta de productos el\u00e9ctricos para asegurarnos de que tanto \u00e9stos como las guirnaldas navide\u00f1as, cuenten su respectivo SELLO SEC.<\/p>\n\n\n\n<p>Por su parte, el Director Regional de la Superintendencia de Electricidad y Combustibles de Magallanes, Juan Barticevic reiter\u00f3 que \u201cla SEC velar\u00e1 por resguardar el derecho de los ciudadanos a utilizar productos certificados, siendo el SELLO SEC el elemento objetivo que permite darnos la certeza que un art\u00edculo cumple con las normas de seguridad vigentes\u201d.<\/p>\n\n\n\n<p>Barticevic complement\u00f3 que \u201cpara conocer en detalle los datos de certificaci\u00f3n de un producto con SELLO SEC, basta con escanear, usando un smartphone, el c\u00f3digo QR existente en la etiqueta o bien, ingresar en&nbsp;<a href=\"http:\/\/www.sec.cl\/\" target=\"_blank\" rel=\"noreferrer noopener\">www.sec.cl<\/a>, el c\u00f3digo num\u00e9rico presente en el distintivo\u201d.<\/p>\n\n\n\n<p>La autoridad regional del ente fiscalizador, inst\u00f3 a la ciudadan\u00eda a tener un especial cuidado con la decoraci\u00f3n exterior de las viviendas, sobre todo, cuando se trata de elementos que deben estar conectados a la red el\u00e9ctrica. Para este tipo de luces o art\u00edculos que funcionan con electricidad, se debe verificar que tengan en su envase la informaci\u00f3n \u201cPara uso exterior\u201d.<\/p>\n\n\n\n<p>Asimismo, las autoridades llamaron a emplear s\u00f3lo alargadores o \u201czapatillas\u201d (tambi\u00e9n con SELLO SEC), en caso de que se requiera conectar m\u00e1s de un juego de guirnaldas navide\u00f1as a los enchufes del hogar.<\/p>\n\n\n\n<p>Finalmente, ante cualquier situaci\u00f3n de potencial riesgo al utilizar los energ\u00e9ticos, el llamado es a reportarlo a trav\u00e9s de&nbsp;<a href=\"http:\/\/www.sec.cl\/\" target=\"_blank\" rel=\"noreferrer noopener\">www.sec.cl<\/a>, sitio web al que se puede acceder desde cualquier dispositivo m\u00f3vil.<\/p>\n","protected":false},"excerpt":{"rendered":"<p>Un llamado a que la ciudadan\u00eda compre y utilice guirnaldas navide\u00f1as con SELLO SEC, certificaci\u00f3n obligatoria para luces decorativas que deben estar conectadas a la red el\u00e9ctrica para operar, realizaron&#8230; <a class=\"read-more\" href=\"https:\/\/www.radiopresidenteibanez.cl\/web\/seremi-de-energia-y-director-de-la-sec-magallanes-llaman-a-preferir-guirnaldas-navidenas-certificadas\/\">Leer m\u00e1s<\/a><\/p>\n","protected":false},"author":2,"featured_media":16665,"comment_status":"closed","ping_status":"closed","sticky":false,"template":"","format":"standard","meta":{"footnotes":""},"categories":[1],"tags":[],"class_list":["post-16664","post","type-post","status-publish","format-standard","has-post-thumbnail","hentry","category-cronica"],"_links":{"self":[{"href":"https:\/\/www.radiopresidenteibanez.cl\/web\/wp-json\/wp\/v2\/posts\/16664","targetHints":{"allow":["GET"]}}],"collection":[{"href":"https:\/\/www.radiopresidenteibanez.cl\/web\/wp-json\/wp\/v2\/posts"}],"about":[{"href":"https:\/\/www.radiopresidenteibanez.cl\/web\/wp-json\/wp\/v2\/types\/post"}],"author":[{"embeddable":true,"href":"https:\/\/www.radiopresidenteibanez.cl\/web\/wp-json\/wp\/v2\/users\/2"}],"replies":[{"embeddable":true,"href":"https:\/\/www.radiopresidenteibanez.cl\/web\/wp-json\/wp\/v2\/comments?post=16664"}],"version-history":[{"count":0,"href":"https:\/\/www.radiopresidenteibanez.cl\/web\/wp-json\/wp\/v2\/posts\/16664\/revisions"}],"wp:featuredmedia":[{"embeddable":true,"href":"https:\/\/www.radiopresidenteibanez.cl\/web\/wp-json\/wp\/v2\/media\/16665"}],"wp:attachment":[{"href":"https:\/\/www.radiopresidenteibanez.cl\/web\/wp-json\/wp\/v2\/media?parent=16664"}],"wp:term":[{"taxonomy":"category","embeddable":true,"href":"https:\/\/www.radiopresidenteibanez.cl\/web\/wp-json\/wp\/v2\/categories?post=16664"},{"taxonomy":"post_tag","embeddable":true,"href":"https:\/\/www.radiopresidenteibanez.cl\/web\/wp-json\/wp\/v2\/tags?post=16664"}],"curies":[{"name":"wp","href":"https:\/\/api.w.org\/{rel}","templated":true}]}}