{"id":16660,"date":"2020-12-04T15:21:13","date_gmt":"2020-12-04T15:21:13","guid":{"rendered":"https:\/\/www.radiopresidenteibanez.cl\/web\/?p=16660"},"modified":"2020-12-04T15:21:18","modified_gmt":"2020-12-04T15:21:18","slug":"juan-falu-director-del-festival-guitarras-del-mundo-envia-saludo-a-radio-presidente-ibanez","status":"publish","type":"post","link":"https:\/\/www.radiopresidenteibanez.cl\/web\/juan-falu-director-del-festival-guitarras-del-mundo-envia-saludo-a-radio-presidente-ibanez\/","title":{"rendered":"JUAN FAL\u00da, DIRECTOR DEL FESTIVAL GUITARRAS DEL MUNDO, ENV\u00cdA SALUDO A                                     RADIO PRESIDENTE IB\u00c1\u00d1EZ"},"content":{"rendered":"\n<p>Hace unas horas JUAN FAL\u00da, compositor y guitarrista\nargentino, director y creador del \u00abFESTIVAL GUITARRAS DEL MUNDO\u00bb se\ncomunic\u00f3 con Radio Presidente Ib\u00e1\u00f1ez para saludar y agradecer la iniciativa de\ntransmitir la edici\u00f3n de 2020 de dicho certamen musical. <\/p>\n\n\n\n<p>Juan Fal\u00fa naci\u00f3 en Tucum\u00e1n, Argentina, es compositor,\ndocente, militante, psic\u00f3logo, guitarrista y cantor. Es sobrino del tambi\u00e9n\nguitarrista Eduardo Fal\u00fa. Adem\u00e1s de ser director del \u00abFestival Guitarras\ndel Mundo\u00bb desde hace 26 a\u00f1os es uno de los dos art\u00edfices del ciclo\n\u00abMaestros del Alma\u00bb, en el cual junto a la pianista Hilda Herrera se\nhomenaje\u00f3 a los m\u00e1ximos referentes de la folcl\u00f3rica argentina vivos. <\/p>\n\n\n\n<p>Juan Fal\u00fa es docente del Conservatorio Manuel de Falla de\nBuenos Aires, en la asignatura de carrera Ritmos y formas del folclore y la\nm\u00fasica ciudadana.&nbsp; Adem\u00e1s colabor\u00f3 en la\ncreaci\u00f3n de la primera Carrera Superior de Folklore y Tango de Buenos Aires.<\/p>\n\n\n\n<p>El a\u00f1o 2005 fue reconocido con el Diploma al M\u00e9rito de los\nPremios Konex por su trabajo junto con Liliana Herrero al mejor conjunto de\nfolclore de la d\u00e9cada en Argentina.<\/p>\n\n\n\n<p>Actualmente reside en el Barrio de Floresta, Buenos Aires,\nArgentina.<\/p>\n\n\n\n<p>En su contacto con Radio Presidente Ib\u00e1nez v\u00eda whatsapp\nindic\u00f3: <\/p>\n\n\n\n<p>\u00abHola soy Juan Fal\u00fa y quiero enviar este saludo a Pedro\nGuichapany&nbsp; y a la&nbsp; Radio Presidente Ib\u00e1\u00f1ez de Punta Arenas por\nla iniciativa de difundir nuestro querido Festival Guitarras del Mundo. S\u00e9 muy\nbien que la guitarra es un s\u00edmbolo compartido que amamos y es compartido porque\nvenimos de los mismos or\u00edgenes, de la misma cultura. Tenemos que apoyarnos en\neso para bregar por un mismo destino. Tambi\u00e9n conozco perfectamente la calidad\nde la cuna guitarr\u00edstica de Punta Arenas. La he podido comprobar conociendolo a\nJavier Contreras y Hugo Mu\u00f1oz y s\u00e9 que debe mucho amor, mucha pasi\u00f3n por\nnuestro instrumento. As\u00ed que les dejo un abrazo grande y espero estar all\u00ed\nalguna vez pulsando las seis cuerdas\u00bb <\/p>\n\n\n\n<p>&nbsp;El \u00abFESTIVAL\nGUITARRAS DEL MUNDO\u00bb ser\u00e1 transmitido los d\u00edas 14, 15, 17, 18, 21 y 22 de\ndiciembre a las 19 hrs. en el programa \u00abEl \u00faltimo tren a casa\u00bb a\ntrav\u00e9s de todas las frecuencias de Radio Presidente Ib\u00e1\u00f1ez.<\/p>\n","protected":false},"excerpt":{"rendered":"<p>Hace unas horas JUAN FAL\u00da, compositor y guitarrista argentino, director y creador del \u00abFESTIVAL GUITARRAS DEL MUNDO\u00bb se comunic\u00f3 con Radio Presidente Ib\u00e1\u00f1ez para saludar y agradecer la iniciativa de&#8230; <a class=\"read-more\" href=\"https:\/\/www.radiopresidenteibanez.cl\/web\/juan-falu-director-del-festival-guitarras-del-mundo-envia-saludo-a-radio-presidente-ibanez\/\">Leer m\u00e1s<\/a><\/p>\n","protected":false},"author":2,"featured_media":16661,"comment_status":"closed","ping_status":"closed","sticky":false,"template":"","format":"standard","meta":{"footnotes":""},"categories":[1],"tags":[],"class_list":["post-16660","post","type-post","status-publish","format-standard","has-post-thumbnail","hentry","category-cronica"],"_links":{"self":[{"href":"https:\/\/www.radiopresidenteibanez.cl\/web\/wp-json\/wp\/v2\/posts\/16660","targetHints":{"allow":["GET"]}}],"collection":[{"href":"https:\/\/www.radiopresidenteibanez.cl\/web\/wp-json\/wp\/v2\/posts"}],"about":[{"href":"https:\/\/www.radiopresidenteibanez.cl\/web\/wp-json\/wp\/v2\/types\/post"}],"author":[{"embeddable":true,"href":"https:\/\/www.radiopresidenteibanez.cl\/web\/wp-json\/wp\/v2\/users\/2"}],"replies":[{"embeddable":true,"href":"https:\/\/www.radiopresidenteibanez.cl\/web\/wp-json\/wp\/v2\/comments?post=16660"}],"version-history":[{"count":0,"href":"https:\/\/www.radiopresidenteibanez.cl\/web\/wp-json\/wp\/v2\/posts\/16660\/revisions"}],"wp:featuredmedia":[{"embeddable":true,"href":"https:\/\/www.radiopresidenteibanez.cl\/web\/wp-json\/wp\/v2\/media\/16661"}],"wp:attachment":[{"href":"https:\/\/www.radiopresidenteibanez.cl\/web\/wp-json\/wp\/v2\/media?parent=16660"}],"wp:term":[{"taxonomy":"category","embeddable":true,"href":"https:\/\/www.radiopresidenteibanez.cl\/web\/wp-json\/wp\/v2\/categories?post=16660"},{"taxonomy":"post_tag","embeddable":true,"href":"https:\/\/www.radiopresidenteibanez.cl\/web\/wp-json\/wp\/v2\/tags?post=16660"}],"curies":[{"name":"wp","href":"https:\/\/api.w.org\/{rel}","templated":true}]}}