{"id":16656,"date":"2020-12-04T14:12:50","date_gmt":"2020-12-04T14:12:50","guid":{"rendered":"https:\/\/www.radiopresidenteibanez.cl\/web\/?p=16656"},"modified":"2020-12-04T14:12:55","modified_gmt":"2020-12-04T14:12:55","slug":"mas-de-80-pymes-regionales-participan-de-compra-pyme","status":"publish","type":"post","link":"https:\/\/www.radiopresidenteibanez.cl\/web\/mas-de-80-pymes-regionales-participan-de-compra-pyme\/","title":{"rendered":"M\u00c1S DE 80 PYMES REGIONALES PARTICIPAN DE COMPRA PYME"},"content":{"rendered":"\n<p>En Magallanes m\u00e1s de 80\nemprendedores ser\u00e1n parte de este gran evento online, donde podr\u00e1n dar a\nconocer su marca y conectarse con futuros clientes de la regi\u00f3n y del pa\u00eds,\npara as\u00ed incrementar sus ventas. <\/p>\n\n\n\n<p>El Ministerio de Econom\u00eda,\nFomento y Turismo dise\u00f1\u00f3 la vitrina virtual llamada \u201cCompra Pyme\u201d para que las\nempresas de menor tama\u00f1o puedan aprovechar las cada vez mayores oportunidades\ndel mundo digital y as\u00ed los emprendedores puedan difundir, promocionar y\ncomercializar sus productos y servicios.<\/p>\n\n\n\n<p>En este contexto, Natalia Easton,\nSeremi de Econom\u00eda, Fomento y Turismo, indic\u00f3 \u201cHago un llamado a toda la\ncomunidad a realizar sus compras navide\u00f1as por medio de esta importante vitrina\nque hemos facilitado a nuestros emprendedores. Nuestras pymes son un pilar\nfundamental para la reactivaci\u00f3n econ\u00f3mica de Magallanes y del pa\u00eds. Esta\niniciativa tiene dos importantes beneficios, por una parte, fomenta la compra de\nbienes y servicios a emprendedores locales, lo que generar\u00e1 un importe impulso\npara nuestro ecosistema emprendedor que se ha visto fuertemente impactado por\nla pandemia. Por otra parte, el poder comprar a trav\u00e9s de esta plataforma nos\nayuda a disminuir la movilidad, potenciando los servicios de delivery y\ncontribuyendo al control de los contagios. Esta iniciativa se enmarca en el\ncontexto de la \u201cSemana de la Pyme\u201d del Ministerio de Econom\u00eda, y que tiene por\nobjetivo poner a disposici\u00f3n de los emprendedores del pa\u00eds una vitrina virtual\nque sirve para fomentar la compra a pymes a nivel nacional y el que puedan\nacceder a programas de capacitaciones para facilitar el acceso al mundo del\ncomercio electr\u00f3nico.\u201d<\/p>\n\n\n\n<p>Desde el punto de vista regional,\nexisten diferentes empresas que ofrecen bienes y servicios de diferente \u00edndole:\nartesan\u00eda, calzado, librer\u00eda, gastronom\u00eda, salud, etc. Algunos de ellos son Globogonia,\nCooperativa Hilanderas Estrecho de Magallanes, Ovejitas Beb\u00e9, Pop Corn Puq,\nPatagonian Woods SpA, Margoni Bike y Chocolates Ignis Terra Ltda. \n\nEaston agreg\u00f3: \u201cLos invito a visitar <a href=\"http:\/\/www.comprapyme.cl\">www.comprapyme.cl<\/a>, buscar los emprendimientos\nde Magallanes y preferir sus productos y servicios en esta navidad, apoyando su\nrecuperaci\u00f3n y siendo protagonistas de la reactivaci\u00f3n de nuestra econom\u00eda\nlocal desde nuestras empresas de menor tama\u00f1o. Desde el Ministerio seguiremos\ndise\u00f1ado instrumentos, plataformas e iniciativas que sean un aporte directo\npara nuestras pymes, porque son el coraz\u00f3n de nuestra econom\u00eda y ser\u00e1n\nfundamentales para la recuperaci\u00f3n de empleos y reactivaci\u00f3n econ\u00f3mica regional\u201d.\n\n\n\n<\/p>\n","protected":false},"excerpt":{"rendered":"<p>En Magallanes m\u00e1s de 80 emprendedores ser\u00e1n parte de este gran evento online, donde podr\u00e1n dar a conocer su marca y conectarse con futuros clientes de la regi\u00f3n y del&#8230; <a class=\"read-more\" href=\"https:\/\/www.radiopresidenteibanez.cl\/web\/mas-de-80-pymes-regionales-participan-de-compra-pyme\/\">Leer m\u00e1s<\/a><\/p>\n","protected":false},"author":2,"featured_media":16657,"comment_status":"closed","ping_status":"closed","sticky":false,"template":"","format":"standard","meta":{"footnotes":""},"categories":[1],"tags":[],"class_list":["post-16656","post","type-post","status-publish","format-standard","has-post-thumbnail","hentry","category-cronica"],"_links":{"self":[{"href":"https:\/\/www.radiopresidenteibanez.cl\/web\/wp-json\/wp\/v2\/posts\/16656","targetHints":{"allow":["GET"]}}],"collection":[{"href":"https:\/\/www.radiopresidenteibanez.cl\/web\/wp-json\/wp\/v2\/posts"}],"about":[{"href":"https:\/\/www.radiopresidenteibanez.cl\/web\/wp-json\/wp\/v2\/types\/post"}],"author":[{"embeddable":true,"href":"https:\/\/www.radiopresidenteibanez.cl\/web\/wp-json\/wp\/v2\/users\/2"}],"replies":[{"embeddable":true,"href":"https:\/\/www.radiopresidenteibanez.cl\/web\/wp-json\/wp\/v2\/comments?post=16656"}],"version-history":[{"count":0,"href":"https:\/\/www.radiopresidenteibanez.cl\/web\/wp-json\/wp\/v2\/posts\/16656\/revisions"}],"wp:featuredmedia":[{"embeddable":true,"href":"https:\/\/www.radiopresidenteibanez.cl\/web\/wp-json\/wp\/v2\/media\/16657"}],"wp:attachment":[{"href":"https:\/\/www.radiopresidenteibanez.cl\/web\/wp-json\/wp\/v2\/media?parent=16656"}],"wp:term":[{"taxonomy":"category","embeddable":true,"href":"https:\/\/www.radiopresidenteibanez.cl\/web\/wp-json\/wp\/v2\/categories?post=16656"},{"taxonomy":"post_tag","embeddable":true,"href":"https:\/\/www.radiopresidenteibanez.cl\/web\/wp-json\/wp\/v2\/tags?post=16656"}],"curies":[{"name":"wp","href":"https:\/\/api.w.org\/{rel}","templated":true}]}}