{"id":16653,"date":"2020-12-04T14:08:18","date_gmt":"2020-12-04T14:08:18","guid":{"rendered":"https:\/\/www.radiopresidenteibanez.cl\/web\/?p=16653"},"modified":"2020-12-04T14:08:23","modified_gmt":"2020-12-04T14:08:23","slug":"en-porvenir-se-ejecutara-proyecto-de-podologia-para-adultos-mayores-de-la-comuna","status":"publish","type":"post","link":"https:\/\/www.radiopresidenteibanez.cl\/web\/en-porvenir-se-ejecutara-proyecto-de-podologia-para-adultos-mayores-de-la-comuna\/","title":{"rendered":"EN PORVENIR SE EJECUTAR\u00c1 PROYECTO DE PODOLOG\u00cdA PARA ADULTOS MAYORES DE LA COMUNA"},"content":{"rendered":"\n<p>Mediante una alianza de trabajo que permanentemente\nrealiza el municipio y la Corporaci\u00f3n municipal de Deportes de Porvenir, se\nlogr\u00f3 nuevamente la aprobaci\u00f3n de un proyecto FNDR social, qu\u00e9 implica un\noperativo m\u00e9dico para realizar atenciones de podolog\u00eda enfocado en los adultos\nmayores de nuestra comuna. Este trabajo se comenz\u00f3 a concretar desde el 1 de\ndiciembre y tendr\u00e1 una duraci\u00f3n de 3 meses.<\/p>\n\n\n\n<p>La Municipalidad de Porvenir quiso\nfocalizar este proyecto en los adultos mayores, entendiendo de que es una\npoblaci\u00f3n vulnerable y de alto riesgo dada la actual pandemia y siempre ha\nestado presente en las distintas acciones que el departamento social ha querido\nrealizar.<\/p>\n\n\n\n<p>El mecanismo para acceder a estas\natenciones es mediante la v\u00eda telef\u00f3nica, en la cual se public\u00f3 un n\u00famero de\ntel\u00e9fono para las respectivas inscripciones y la atenci\u00f3n se desarrollar\u00e1 en el\nmismo domicilio del adulto mayor, as\u00ed que la invitaci\u00f3n para nuestros adultos\nmayores que requieren este tipo de atenci\u00f3n es que se comuniquen con el\ndepartamento social, para agendar su hora y tambi\u00e9n recordar que esto es\ntotalmente gratuito ya que es financiada mediante un Fondo Social del FNDR.<\/p>\n\n\n\n<p>La Alcaldesa de Porvenir Marisol\nAndrade C\u00e1rdenas, dijo que \u201cestamos muy contentos porque vamos a tener un\nprograma de podolog\u00eda que beneficiar\u00e1 a nuestros adultos mayores y quiero\nagradecer al Gobierno regional y al Consejo regional\u201d. Agreg\u00f3 la autoridad\nedilicia que \u201cpresentamos este proyecto como Municipalidad y Corporaci\u00f3n del\ndeporte municipal, a estos fondos sociales que tiene el Gobierno regional y que\npermiti\u00f3 ir en directo apoyo a nuestros adultos mayores\u201d.<\/p>\n\n\n\n<p>A\u00f1adi\u00f3 la jefa comunal, que \u201cse pens\u00f3\nespecialmente en aquellos adultos mayores que tienen enfermedades cr\u00f3nicas, porque\nes importante mantener una buena calidad salud para ellos, y pensando que con\nla pandemia tampoco han podido tener acceso a este servicio\u201d.<\/p>\n\n\n\n<p>El proyecto entregar\u00e1 directo apoyo a\n253 adultos mayores y esto evidentemente le va a mejorar la calidad de vida a\ncada uno de ellos, adem\u00e1s contempla la contrataci\u00f3n de una profesional porvenire\u00f1a,\nde tal manera que con ello por un lado se entrega trabajo a alguien de nuestra\nlocalidad y tambi\u00e9n aseguramos de que no va a venir nadie de otro lugar y que\nexista alg\u00fan riesgo de contagio, de est\u00e1 manera &nbsp;de podr\u00e1 desarrollar esta actividad en\nbeneficio de nuestros adultos mayores y la idea es que se empiece a ejecutar en\nlos primeros d\u00edas de diciembre por parte de la municipalidad, junto al trabajo\ndestacado que ha hecho la direcci\u00f3n de desarrollo comunitario del municipio de\nporvenir.<\/p>\n","protected":false},"excerpt":{"rendered":"<p>Mediante una alianza de trabajo que permanentemente realiza el municipio y la Corporaci\u00f3n municipal de Deportes de Porvenir, se logr\u00f3 nuevamente la aprobaci\u00f3n de un proyecto FNDR social, qu\u00e9 implica&#8230; <a class=\"read-more\" href=\"https:\/\/www.radiopresidenteibanez.cl\/web\/en-porvenir-se-ejecutara-proyecto-de-podologia-para-adultos-mayores-de-la-comuna\/\">Leer m\u00e1s<\/a><\/p>\n","protected":false},"author":2,"featured_media":16654,"comment_status":"closed","ping_status":"closed","sticky":false,"template":"","format":"standard","meta":{"footnotes":""},"categories":[1],"tags":[],"class_list":["post-16653","post","type-post","status-publish","format-standard","has-post-thumbnail","hentry","category-cronica"],"_links":{"self":[{"href":"https:\/\/www.radiopresidenteibanez.cl\/web\/wp-json\/wp\/v2\/posts\/16653","targetHints":{"allow":["GET"]}}],"collection":[{"href":"https:\/\/www.radiopresidenteibanez.cl\/web\/wp-json\/wp\/v2\/posts"}],"about":[{"href":"https:\/\/www.radiopresidenteibanez.cl\/web\/wp-json\/wp\/v2\/types\/post"}],"author":[{"embeddable":true,"href":"https:\/\/www.radiopresidenteibanez.cl\/web\/wp-json\/wp\/v2\/users\/2"}],"replies":[{"embeddable":true,"href":"https:\/\/www.radiopresidenteibanez.cl\/web\/wp-json\/wp\/v2\/comments?post=16653"}],"version-history":[{"count":0,"href":"https:\/\/www.radiopresidenteibanez.cl\/web\/wp-json\/wp\/v2\/posts\/16653\/revisions"}],"wp:featuredmedia":[{"embeddable":true,"href":"https:\/\/www.radiopresidenteibanez.cl\/web\/wp-json\/wp\/v2\/media\/16654"}],"wp:attachment":[{"href":"https:\/\/www.radiopresidenteibanez.cl\/web\/wp-json\/wp\/v2\/media?parent=16653"}],"wp:term":[{"taxonomy":"category","embeddable":true,"href":"https:\/\/www.radiopresidenteibanez.cl\/web\/wp-json\/wp\/v2\/categories?post=16653"},{"taxonomy":"post_tag","embeddable":true,"href":"https:\/\/www.radiopresidenteibanez.cl\/web\/wp-json\/wp\/v2\/tags?post=16653"}],"curies":[{"name":"wp","href":"https:\/\/api.w.org\/{rel}","templated":true}]}}