{"id":16650,"date":"2020-12-04T14:05:36","date_gmt":"2020-12-04T14:05:36","guid":{"rendered":"https:\/\/www.radiopresidenteibanez.cl\/web\/?p=16650"},"modified":"2020-12-04T14:05:42","modified_gmt":"2020-12-04T14:05:42","slug":"lynco-y-las-preguntas-curiosas-llega-a-par-explora-magallanes","status":"publish","type":"post","link":"https:\/\/www.radiopresidenteibanez.cl\/web\/lynco-y-las-preguntas-curiosas-llega-a-par-explora-magallanes\/","title":{"rendered":"\u201cLYNCO Y LAS PREGUNTAS CURIOSAS\u201d LLEGA A PAR EXPLORA MAGALLANES"},"content":{"rendered":"\n<p>Este viernes se\nestrenar\u00e1 a trav\u00e9s de Facebook y Youtube del PAR Explora Magallanes \u201cLynco y\nlas preguntas curiosas\u201d, espacio creado para que ni\u00f1os y ni\u00f1as de distintos\nestablecimientos educacionales pudiesen responder algunas inquietudes en torno\na tem\u00e1ticas cient\u00edficas y tecnol\u00f3gicas.&nbsp;<\/p>\n\n\n\n<p>La actividad contar\u00e1\ncon la participaci\u00f3n de investigadores y profesionales de distintas \u00e1reas,\nquienes contar\u00e1n parte de su trabajo y responder\u00e1n las preguntas que fueron\nenviadas previamente por escolares de Punta Arenas, Puerto Natales, Santiago y\nVi\u00f1a del Mar.&nbsp;<\/p>\n\n\n\n<p>Lynco,\nes un t\u00edtere que tendr\u00e1 la misi\u00f3n de presentar al investigador o investigadora,\nas\u00ed como las preguntas que han hecho las y los peque\u00f1os acerca de diversos\ntemas, que se distribuir\u00e1n en seis c\u00e1psulas. El simp\u00e1tico animalito est\u00e1\ninspirado en el huroncito patag\u00f3nico (<em>Lyncodon patagonicus<\/em>), mam\u00edfero\npeque\u00f1o de la familia mustilidae. Una especie rara y de la que se tienen\nregistros paleontol\u00f3gicos en la regi\u00f3n sobre su presencia en el pasado.&nbsp;<\/p>\n\n\n\n<p>\u201cLa\nespecie de Lynco es todo un enigma, hay muchas preguntas sobre \u00e9l, as\u00ed como las\nque cualquier ni\u00f1o o ni\u00f1a puede formularse, por eso lo escogimos. Al igual que\nnuestra iniciativa Ciencia Abierta, donde buscamos fortalecer el v\u00ednculo entre\ninvestigadores y la comunidad, con este espacio queremos potenciar ese lazo\nentre las y los m\u00e1s peque\u00f1os con el mundo cient\u00edfico, y que sus inquietudes\nsean respondidas de manera simple y concreta, pero con fundamento cient\u00edfico\u201d,\nexplic\u00f3 la Dra. Gloria S\u00e1nchez S\u00e1nchez, encargada de Ciencia Abierta del PAR\nExplora Magallanes.&nbsp;<\/p>\n\n\n\n<p>La\nprimera entrega abordar\u00e1 la tem\u00e1tica astron\u00f3mica con el cap\u00edtulo denominado\n\u201cMirando al Cielo\u201d, donde Lynco conversar\u00e1 con la astr\u00f3noma Dra. Katherine\nVieira Villareal. Las c\u00e1psulas audiovisuales estar\u00e1n disponibles en Youtube\ntodos los lunes y viernes de diciembre, desde las 15:00 horas para que toda la\nfamilia pueda reunirse y disfrutar de esta actividad en torno a la\nciencia.&nbsp;<\/p>\n\n\n\n<p>\u201cLa\nidea tambi\u00e9n es que este material pueda ser utilizado como insumo para las\nt\u00e9cnicos y profesionales de educaci\u00f3n hasta tercero b\u00e1sico, pues cada c\u00e1psula\npresenta un contenido cient\u00edfico con el que pueden trabajar junto a sus ni\u00f1os y\nni\u00f1as, quienes podr\u00e1n entretenerse y aprender a la vez\u201d, agreg\u00f3 Claudia Salinas\nBreskovic, directora del PAR Explora Magallanes.&nbsp;\n\nLos pr\u00f3ximos cap\u00edtulos que se emitir\u00e1n son \u201cViaje a la Ant\u00e1rtica\u201d,\n\u201cVisitando las playas\u201d, \u201cVida saludable\u201d, \u201c\u00bfQui\u00e9n vive en el bosque?, y\n\u201cAnimales en la granja\u201d. Participan de ellos los investigadores Lorena\nRebolledo Manr\u00edquez, Martin Thiel, Patricia Bravo Mancilla, Orlando Dollenz\n\u00c1lvarez, y Camila Sandoval Torres.&nbsp; \n\n\n\n<\/p>\n","protected":false},"excerpt":{"rendered":"<p>Este viernes se estrenar\u00e1 a trav\u00e9s de Facebook y Youtube del PAR Explora Magallanes \u201cLynco y las preguntas curiosas\u201d, espacio creado para que ni\u00f1os y ni\u00f1as de distintos establecimientos educacionales&#8230; <a class=\"read-more\" href=\"https:\/\/www.radiopresidenteibanez.cl\/web\/lynco-y-las-preguntas-curiosas-llega-a-par-explora-magallanes\/\">Leer m\u00e1s<\/a><\/p>\n","protected":false},"author":2,"featured_media":16651,"comment_status":"closed","ping_status":"closed","sticky":false,"template":"","format":"standard","meta":{"footnotes":""},"categories":[1],"tags":[],"class_list":["post-16650","post","type-post","status-publish","format-standard","has-post-thumbnail","hentry","category-cronica"],"_links":{"self":[{"href":"https:\/\/www.radiopresidenteibanez.cl\/web\/wp-json\/wp\/v2\/posts\/16650","targetHints":{"allow":["GET"]}}],"collection":[{"href":"https:\/\/www.radiopresidenteibanez.cl\/web\/wp-json\/wp\/v2\/posts"}],"about":[{"href":"https:\/\/www.radiopresidenteibanez.cl\/web\/wp-json\/wp\/v2\/types\/post"}],"author":[{"embeddable":true,"href":"https:\/\/www.radiopresidenteibanez.cl\/web\/wp-json\/wp\/v2\/users\/2"}],"replies":[{"embeddable":true,"href":"https:\/\/www.radiopresidenteibanez.cl\/web\/wp-json\/wp\/v2\/comments?post=16650"}],"version-history":[{"count":0,"href":"https:\/\/www.radiopresidenteibanez.cl\/web\/wp-json\/wp\/v2\/posts\/16650\/revisions"}],"wp:featuredmedia":[{"embeddable":true,"href":"https:\/\/www.radiopresidenteibanez.cl\/web\/wp-json\/wp\/v2\/media\/16651"}],"wp:attachment":[{"href":"https:\/\/www.radiopresidenteibanez.cl\/web\/wp-json\/wp\/v2\/media?parent=16650"}],"wp:term":[{"taxonomy":"category","embeddable":true,"href":"https:\/\/www.radiopresidenteibanez.cl\/web\/wp-json\/wp\/v2\/categories?post=16650"},{"taxonomy":"post_tag","embeddable":true,"href":"https:\/\/www.radiopresidenteibanez.cl\/web\/wp-json\/wp\/v2\/tags?post=16650"}],"curies":[{"name":"wp","href":"https:\/\/api.w.org\/{rel}","templated":true}]}}