{"id":1665,"date":"2019-02-27T01:04:25","date_gmt":"2019-02-27T01:04:25","guid":{"rendered":"http:\/\/www.radiopresidenteibanez.cl\/web\/?p=1665"},"modified":"2019-02-27T01:05:09","modified_gmt":"2019-02-27T01:05:09","slug":"avanzan-los-trabajos-de-lo-que-sera-el-nuevo-cesfam-damianovic","status":"publish","type":"post","link":"https:\/\/www.radiopresidenteibanez.cl\/web\/avanzan-los-trabajos-de-lo-que-sera-el-nuevo-cesfam-damianovic\/","title":{"rendered":"AVANZAN LOS TRABAJOS DE LO QUE SER\u00c1 EL NUEVO CESFAM DAMIANOVIC"},"content":{"rendered":"\n<p>Con una inversi\u00f3n cercana a los mil 500 millones de pesos, el nuevo Servicio de Atenci\u00f3n Primaria de Urgencia de Alta Resoluci\u00f3n DAMIANOVIC ya comienza a tomar forma, luego de que comenzaran a ejecutarse las obras a un costado del antiguo Cesfam del mismo nombre.<\/p>\n\n\n\n<p>El nuevo espacio, mandatado por el Servicio de Salud Magallanes, contar\u00e1 con una superficie construida de 609 mts2, considerando entre otros: Box de reanimaci\u00f3n; Box procedimiento; Sala de observaci\u00f3n, RX osteopulmonar y Box de tratamiento. Adem\u00e1s, entregar\u00e1 continuidad en la atenci\u00f3n con horario extendidos y de urgencia.<\/p>\n\n\n\n<p>\u201cEste sector est\u00e1 muy alejado y ha seguido creciendo, por lo que es una instancia para que los pacientes puedan llegar ac\u00e1 y resolver su patolog\u00eda o sino, ser derivados r\u00e1pidamente al Hospital Cl\u00ednico\u201d, expres\u00f3 la jefa del \u00e1rea salud municipal, Rosa Bidart.<\/p>\n\n\n\n<p>En la misma l\u00ednea, el alcalde Claudio Radonich, adem\u00e1s de agradecer el esfuerzo del Gobierno, dijo que \u201cel objetivo es facilitar a la poblaci\u00f3n comunal el acceso a la atenci\u00f3n de urgencia m\u00e1s oportuna, resolutiva y de calidad, y que en horario no h\u00e1bil brinden atenci\u00f3n de urgencia coordinada en la RED, asegurando la continuidad de la atenci\u00f3n y su posterior derivaci\u00f3n\u201d.<\/p>\n\n\n\n<p>Finalmente, la jefa del \u00e1rea salud, expres\u00f3 que \u201cel nuevo SAR involucra una soluci\u00f3n real para la demanda de atenci\u00f3n de urgencia de un sector importante de la poblaci\u00f3n de Punta Arenas\u201d.<\/p>\n","protected":false},"excerpt":{"rendered":"<p>Con una inversi\u00f3n cercana a los mil 500 millones de pesos, el nuevo Servicio de Atenci\u00f3n Primaria de Urgencia de Alta Resoluci\u00f3n DAMIANOVIC ya comienza a tomar forma, luego de&#8230; <a class=\"read-more\" href=\"https:\/\/www.radiopresidenteibanez.cl\/web\/avanzan-los-trabajos-de-lo-que-sera-el-nuevo-cesfam-damianovic\/\">Leer m\u00e1s<\/a><\/p>\n","protected":false},"author":2,"featured_media":1666,"comment_status":"closed","ping_status":"closed","sticky":false,"template":"","format":"standard","meta":{"footnotes":""},"categories":[1],"tags":[],"class_list":["post-1665","post","type-post","status-publish","format-standard","has-post-thumbnail","hentry","category-cronica"],"_links":{"self":[{"href":"https:\/\/www.radiopresidenteibanez.cl\/web\/wp-json\/wp\/v2\/posts\/1665","targetHints":{"allow":["GET"]}}],"collection":[{"href":"https:\/\/www.radiopresidenteibanez.cl\/web\/wp-json\/wp\/v2\/posts"}],"about":[{"href":"https:\/\/www.radiopresidenteibanez.cl\/web\/wp-json\/wp\/v2\/types\/post"}],"author":[{"embeddable":true,"href":"https:\/\/www.radiopresidenteibanez.cl\/web\/wp-json\/wp\/v2\/users\/2"}],"replies":[{"embeddable":true,"href":"https:\/\/www.radiopresidenteibanez.cl\/web\/wp-json\/wp\/v2\/comments?post=1665"}],"version-history":[{"count":0,"href":"https:\/\/www.radiopresidenteibanez.cl\/web\/wp-json\/wp\/v2\/posts\/1665\/revisions"}],"wp:featuredmedia":[{"embeddable":true,"href":"https:\/\/www.radiopresidenteibanez.cl\/web\/wp-json\/wp\/v2\/media\/1666"}],"wp:attachment":[{"href":"https:\/\/www.radiopresidenteibanez.cl\/web\/wp-json\/wp\/v2\/media?parent=1665"}],"wp:term":[{"taxonomy":"category","embeddable":true,"href":"https:\/\/www.radiopresidenteibanez.cl\/web\/wp-json\/wp\/v2\/categories?post=1665"},{"taxonomy":"post_tag","embeddable":true,"href":"https:\/\/www.radiopresidenteibanez.cl\/web\/wp-json\/wp\/v2\/tags?post=1665"}],"curies":[{"name":"wp","href":"https:\/\/api.w.org\/{rel}","templated":true}]}}