{"id":16647,"date":"2020-12-04T14:02:46","date_gmt":"2020-12-04T14:02:46","guid":{"rendered":"https:\/\/www.radiopresidenteibanez.cl\/web\/?p=16647"},"modified":"2020-12-04T14:02:51","modified_gmt":"2020-12-04T14:02:51","slug":"mas-de-120-millones-se-adjudicaron-asociaciones-gremiales-magallanicas","status":"publish","type":"post","link":"https:\/\/www.radiopresidenteibanez.cl\/web\/mas-de-120-millones-se-adjudicaron-asociaciones-gremiales-magallanicas\/","title":{"rendered":"M\u00c1S DE $120 MILLONES SE ADJUDICARON ASOCIACIONES GREMIALES MAGALL\u00c1NICAS"},"content":{"rendered":"\n<p>La convocatoria se realiz\u00f3 el d\u00eda 12 de noviembre y hoy se\nconocieron los resultados del programa React\u00edvate Organizaciones Regionales y\nNacionales de Sercotec, que en Magallanes benefici\u00f3 a 9 agrupaciones gremiales\nde distintas partes de la regi\u00f3n.<\/p>\n\n\n\n<p>La convocatoria estaba dirigida a asociaciones gremiales,\ncorporaciones, c\u00e1maras de comercio, de turismo, federaciones regionales, entre\notras, las que pod\u00edan postular iniciativas como la compra de kit de\nsanitizaci\u00f3n, acciones o actividades para la activaci\u00f3n y reapertura econ\u00f3mica\ny tambi\u00e9n apoyar con los gastos de capital de trabajo de la organizaci\u00f3n,\nacciones de gesti\u00f3n empresarial y actividades de comercializaci\u00f3n y de marketing,\ndifusi\u00f3n o publicidad.<\/p>\n\n\n\n<p>\u201cQuiero felicitar a las 9 organizaciones gremiales regionales\nde Magallanes, que postularon a estos fondos de Sercotec. Fondos de hasta $15\nmillones, \u00fanicos en la historia, para poder apoyarlos en la reactivaci\u00f3n. Quiero\nadem\u00e1s agradecer la disposici\u00f3n desde el d\u00eda primer de esta pandemia, a poder\ntomar las medidas necesarias para realizar una apertura gradual y responsable,\nque sabemos que con el tiempo vamos a lograr ojal\u00e1 en el m\u00ednimo plazo posible\u201d,\ndestac\u00f3 la intendenta Jenniffer Rojas.<\/p>\n\n\n\n<p>Los beneficiados con estos fondos fueron: la Asociaci\u00f3n\nGremial de Hostales, Residenciales y Servicios Tur\u00edsticos, representados por\nRosario M\u00e1rquez Ra\u00edn, quien solicit\u00f3 asistencia t\u00e9cnica para la implementaci\u00f3n\nde protocolos Covid-19; la C\u00e1mara de Turismo de \u00daltima Esperanza A.G; encabezados\npor Mar\u00eda Pilar Irribarra, con la digitalizaci\u00f3n e implementaci\u00f3n de nuevos\ncanales de comercializaci\u00f3n y posicionamiento en redes sociales; la Asociaci\u00f3n\nGremial C\u00e1mara de Turismo de Tierra del Fuego y Estrecho de Magallanes, con\nEnrique Couve, requiri\u00f3 apoyo para el comercio digital y la Asociaci\u00f3n Gremial de\nGu\u00edas de Turismo de Magallanes y Ant\u00e1rtica Chilena, dirigidos por Jaime Maynard,\nquienes se adjudicaron equipamiento computacional para difusi\u00f3n de material\nrespecto a la pandemia.<\/p>\n\n\n\n<p>La directora\nde Sercotec Magallanes, Mar\u00eda Soledad Solo de Zaldivar, destac\u00f3 que: \u201cvimos la\nimportancia de la asociatividad y poder estar en la vanguardia, lleg\u00f3 la\ntecnolog\u00eda para quedarse y cada uno de los gremios tiene que reinventarse, as\u00ed\ncomo nosotros\u201d.<\/p>\n\n\n\n<p>Las restantes organizaciones favorecidas son: ASATUR A.G;\ndirigida por Lilian Riquelme, comprar\u00e1n insumos y un video promocional; Asociaci\u00f3n\nGremial de Operadores Gastron\u00f3micos de Punta Arenas, encabezados por Jaime\nJelincic, potenciar\u00e1n su sitio web e implementar\u00e1n 4 newsletter; la Asociaci\u00f3n\nGremial de Comercio de Puerto Natales, con Lidia Melo, obtendr\u00e1n un equipo\nsanitizador; la Fundaci\u00f3n de Gesti\u00f3n Social Fuerza Pyme, representada por Ram\u00f3n\nVargas gestionar\u00e1n un equipo y plan de trabajo y la Asociaci\u00f3n Gremial de\nEmpresarios de Taxis Colectivos de Punta Arenas, de David Singh, obtendr\u00e1n\nterm\u00f3metros, computadores, proyector y tel\u00f3n para facilitar las capacitaciones\nde sus asociados.<\/p>\n\n\n\n<p>La seremi de Econom\u00eda, Fomento y Turismo, realiz\u00f3 hincapi\u00e9 en\nel \u201cimportant\u00edsimo rol que est\u00e1 detr\u00e1s de estos l\u00edderes gremiales, que est\u00e1n\nhoy m\u00e1s que nunca, apoyando a cada uno de sus socios para la implementaci\u00f3n de\nprotocolos sanitarios y, en definitiva, para sacar adelante a cada uno de los\nsectores productivos de los efectos que ha provocado esta pandemia\u201d.<\/p>\n\n\n\n<p>Al finalizar la directora de Sercotec insisti\u00f3 en \u201cel llamado\na seguir postulando a todos los beneficios que tenemos como gobierno a trav\u00e9s\nde Sercotec, para que podamos salir y reactivarnos lo m\u00e1s pronto posible de\nesta pandemia\u201d, puntualiz\u00f3 Mar\u00eda Soledad Solo de Zaldivar.<\/p>\n","protected":false},"excerpt":{"rendered":"<p>La convocatoria se realiz\u00f3 el d\u00eda 12 de noviembre y hoy se conocieron los resultados del programa React\u00edvate Organizaciones Regionales y Nacionales de Sercotec, que en Magallanes benefici\u00f3 a 9&#8230; <a class=\"read-more\" href=\"https:\/\/www.radiopresidenteibanez.cl\/web\/mas-de-120-millones-se-adjudicaron-asociaciones-gremiales-magallanicas\/\">Leer m\u00e1s<\/a><\/p>\n","protected":false},"author":2,"featured_media":16648,"comment_status":"closed","ping_status":"closed","sticky":false,"template":"","format":"standard","meta":{"footnotes":""},"categories":[1],"tags":[],"class_list":["post-16647","post","type-post","status-publish","format-standard","has-post-thumbnail","hentry","category-cronica"],"_links":{"self":[{"href":"https:\/\/www.radiopresidenteibanez.cl\/web\/wp-json\/wp\/v2\/posts\/16647","targetHints":{"allow":["GET"]}}],"collection":[{"href":"https:\/\/www.radiopresidenteibanez.cl\/web\/wp-json\/wp\/v2\/posts"}],"about":[{"href":"https:\/\/www.radiopresidenteibanez.cl\/web\/wp-json\/wp\/v2\/types\/post"}],"author":[{"embeddable":true,"href":"https:\/\/www.radiopresidenteibanez.cl\/web\/wp-json\/wp\/v2\/users\/2"}],"replies":[{"embeddable":true,"href":"https:\/\/www.radiopresidenteibanez.cl\/web\/wp-json\/wp\/v2\/comments?post=16647"}],"version-history":[{"count":0,"href":"https:\/\/www.radiopresidenteibanez.cl\/web\/wp-json\/wp\/v2\/posts\/16647\/revisions"}],"wp:featuredmedia":[{"embeddable":true,"href":"https:\/\/www.radiopresidenteibanez.cl\/web\/wp-json\/wp\/v2\/media\/16648"}],"wp:attachment":[{"href":"https:\/\/www.radiopresidenteibanez.cl\/web\/wp-json\/wp\/v2\/media?parent=16647"}],"wp:term":[{"taxonomy":"category","embeddable":true,"href":"https:\/\/www.radiopresidenteibanez.cl\/web\/wp-json\/wp\/v2\/categories?post=16647"},{"taxonomy":"post_tag","embeddable":true,"href":"https:\/\/www.radiopresidenteibanez.cl\/web\/wp-json\/wp\/v2\/tags?post=16647"}],"curies":[{"name":"wp","href":"https:\/\/api.w.org\/{rel}","templated":true}]}}