{"id":16644,"date":"2020-12-04T14:01:25","date_gmt":"2020-12-04T14:01:25","guid":{"rendered":"https:\/\/www.radiopresidenteibanez.cl\/web\/?p=16644"},"modified":"2020-12-04T14:01:30","modified_gmt":"2020-12-04T14:01:30","slug":"direccion-de-desarrollo-comunitario-presenta-al-concejo-municipal-de-natales-las-ayudas-realizadas-durante-la-pandemia","status":"publish","type":"post","link":"https:\/\/www.radiopresidenteibanez.cl\/web\/direccion-de-desarrollo-comunitario-presenta-al-concejo-municipal-de-natales-las-ayudas-realizadas-durante-la-pandemia\/","title":{"rendered":"DIRECCI\u00d3N DE DESARROLLO COMUNITARIO PRESENTA AL CONCEJO MUNICIPAL DE NATALES LAS AYUDAS REALIZADAS DURANTE LA PANDEMIA"},"content":{"rendered":"\n<p>En la sesi\u00f3n\nordinaria N\u00ba 147, el equipo de la Direcci\u00f3n de Desarrollo Comunitario particip\u00f3\ndel Concejo Municipal de Natales para exponer ante los ediles el proceso de\nentrega de ayudas sociales en pandemia.<\/p>\n\n\n\n<p>Uno de los puntos\nm\u00e1s destacados fue la entrega de casi 18 mil ayudas sociales y el traslado del\ndepartamento social al Polideportivo Municipal de la ciudad.<\/p>\n\n\n\n<p>\u201cLo que se destac\u00f3\nfue que desde junio nosotros estamos atendiendo en el Polideportivo Municipal,\nque es mucho m\u00e1s amplio para nuestros usuarios. Tambi\u00e9n se destacaron los\nprogramas que llevamos en la Dideco, cerca de 25. Adem\u00e1s lo que presentamos\nfueron las ayudas en pandemia\u201d, mencion\u00f3 la directora de la Direcci\u00f3n de\nDesarrollo Comunitario.<\/p>\n\n\n\n<p>Claribel Barr\u00eda, recalc\u00f3\nla importancia del traslado de la Direcci\u00f3n al recinto deportivo, \u201cac\u00e1 es bastante\nm\u00e1s c\u00f3modo y la gente puede esperar ac\u00e1 dentro, esto no pasaba en las\ndependencias de Bories donde es peque\u00f1o y pod\u00edan entrar diez personas y el\nresto ten\u00eda que hacer una fila a la intemperie\u201d.<\/p>\n\n\n\n<p>&nbsp;Adem\u00e1s, la profesional de la Direcci\u00f3n, mencion\u00f3\nque ya se est\u00e1 trabajando con las juntas de vecinos para la entrega de los regalos\nde navidad. \u201cEllos nos hacen llegar sus listados, nosotros filtramos y los\nregalos llegan ac\u00e1 y los armamos. Este a\u00f1o nos vimos obligados a cambiar de\nestrategia y estamos conversando con los presidentes de las juntas de vecinos\npara ver cu\u00e1l va a ser la mejor manera de entregarlos\u201d.<\/p>\n\n\n\n<p>Al finalizar, la\ndirectora entreg\u00f3 unas palabras de reconocimiento a cada uno de los\nfuncionarios que han participado en la entrega de canastas, en donde destac\u00f3 a\nlos funcionarios de la Direcci\u00f3n de Desarrollo Comunitario, la Unidad de\nGesti\u00f3n, Deportes, Administraci\u00f3n, Ej\u00e9rcito, Gobernaci\u00f3n y a todas las\norganizaciones comunitarias que han ayudado con listados.<\/p>\n\n\n\n<p>&nbsp;Las ayudas\nentregadas durante la pandemia se suman a las ayudas sociales regulares, tales\ncomo aportes para gastos m\u00e9dicos, lentes \u00f3pticos, funerales, gas, pa\u00f1ales,\narriendo y \u00fatiles de aseo.<\/p>\n\n\n\n<p>En la pr\u00f3xima sesi\u00f3n, se presentar\u00e1 la Unidad de Medio Ambiente para\nexponer las acciones tomadas frente a la plaga del pulg\u00f3n y para dar a conocer\nlos principales programas desarrollados durante la pandemia.<\/p>\n","protected":false},"excerpt":{"rendered":"<p>En la sesi\u00f3n ordinaria N\u00ba 147, el equipo de la Direcci\u00f3n de Desarrollo Comunitario particip\u00f3 del Concejo Municipal de Natales para exponer ante los ediles el proceso de entrega de&#8230; <a class=\"read-more\" href=\"https:\/\/www.radiopresidenteibanez.cl\/web\/direccion-de-desarrollo-comunitario-presenta-al-concejo-municipal-de-natales-las-ayudas-realizadas-durante-la-pandemia\/\">Leer m\u00e1s<\/a><\/p>\n","protected":false},"author":2,"featured_media":16645,"comment_status":"closed","ping_status":"closed","sticky":false,"template":"","format":"standard","meta":{"footnotes":""},"categories":[1],"tags":[],"class_list":["post-16644","post","type-post","status-publish","format-standard","has-post-thumbnail","hentry","category-cronica"],"_links":{"self":[{"href":"https:\/\/www.radiopresidenteibanez.cl\/web\/wp-json\/wp\/v2\/posts\/16644","targetHints":{"allow":["GET"]}}],"collection":[{"href":"https:\/\/www.radiopresidenteibanez.cl\/web\/wp-json\/wp\/v2\/posts"}],"about":[{"href":"https:\/\/www.radiopresidenteibanez.cl\/web\/wp-json\/wp\/v2\/types\/post"}],"author":[{"embeddable":true,"href":"https:\/\/www.radiopresidenteibanez.cl\/web\/wp-json\/wp\/v2\/users\/2"}],"replies":[{"embeddable":true,"href":"https:\/\/www.radiopresidenteibanez.cl\/web\/wp-json\/wp\/v2\/comments?post=16644"}],"version-history":[{"count":0,"href":"https:\/\/www.radiopresidenteibanez.cl\/web\/wp-json\/wp\/v2\/posts\/16644\/revisions"}],"wp:featuredmedia":[{"embeddable":true,"href":"https:\/\/www.radiopresidenteibanez.cl\/web\/wp-json\/wp\/v2\/media\/16645"}],"wp:attachment":[{"href":"https:\/\/www.radiopresidenteibanez.cl\/web\/wp-json\/wp\/v2\/media?parent=16644"}],"wp:term":[{"taxonomy":"category","embeddable":true,"href":"https:\/\/www.radiopresidenteibanez.cl\/web\/wp-json\/wp\/v2\/categories?post=16644"},{"taxonomy":"post_tag","embeddable":true,"href":"https:\/\/www.radiopresidenteibanez.cl\/web\/wp-json\/wp\/v2\/tags?post=16644"}],"curies":[{"name":"wp","href":"https:\/\/api.w.org\/{rel}","templated":true}]}}