{"id":16642,"date":"2020-12-03T17:35:06","date_gmt":"2020-12-03T17:35:06","guid":{"rendered":"https:\/\/www.radiopresidenteibanez.cl\/web\/?p=16642"},"modified":"2020-12-03T17:35:13","modified_gmt":"2020-12-03T17:35:13","slug":"senador-carlos-bianchi-reitero-peticion-urgente-de-un-delegado-presidencial-para-magallanes-ante-catastrofica-situacion-derivada-del-coronavirus","status":"publish","type":"post","link":"https:\/\/www.radiopresidenteibanez.cl\/web\/senador-carlos-bianchi-reitero-peticion-urgente-de-un-delegado-presidencial-para-magallanes-ante-catastrofica-situacion-derivada-del-coronavirus\/","title":{"rendered":"SENADOR CARLOS BIANCHI REITER\u00d3 PETICI\u00d3N URGENTE DE UN DELEGADO PRESIDENCIAL PARA MAGALLANES ANTE CATASTR\u00d3FICA SITUACI\u00d3N DERIVADA DEL CORONAVIRUS"},"content":{"rendered":"\n<p>A trav\u00e9s de un\noficio despachado desde la mesa del Senado, el senador de magallanes Carlos\nBianchi reiter\u00f3 la urgente necesidad que el Gobierno y particular el Presidente\nPi\u00f1era acceda a nombrar un Delegado Presidencial para la situaci\u00f3n que vive\nMagallanes producto de la prolongada cuarentena por el Covid-19.<\/p>\n\n\n\n<p>En lo particular,\nBianchi, solicit\u00f3 al Presidente de la Rep\u00fablica, Sebasti\u00e1n Pi\u00f1era E. y a los\nse\u00f1ores Ministro de Interior; de Salud y de Econom\u00eda coordinarse y recoger una\npropuesta de la concejala Ver\u00f3nica Aguilar de la Comuna de Punta Arenas y\nprocedan con prontitud el nombramiento de un Delegado Presidencial con amplias\nfacultades para hacer frente a la delicada y grave situaci\u00f3n que por meses\nest\u00e1n enfrentando los habitantes de la Regi\u00f3n de Magallanes y que a la fecha\nlos mantiene en Cuarentena a Punta Arenas, Puerto Natales y Porvenir.<\/p>\n\n\n\n<p>Los numerosos\ncontagios por Covid mostraron una sostenida alza en la tasa de positividad\n(sobre el 25 %), la que si bien ha baj\u00f3, \u00e9sta sigue sobre el 10 y 12 % diario y\nlas tard\u00edas respuestas del Gobierno Regional han desatado en nuestra regi\u00f3n, un\nestr\u00e9s entre los habitantes cuya desconfianza ha crecido generando, descontento\ny preocupaci\u00f3n, dando paso a varios movimientos ciudadanos y manifestaciones\nque han ido en crecida.&nbsp; <\/p>\n\n\n\n<p>No solo preocupa\nel colapso del sistema hospitalario, sino que tambi\u00e9n la crisis social y\necon\u00f3mica que afecta a miles de trabajadores y trabajadoras de la regi\u00f3n.<\/p>\n\n\n\n<p>El Ministerio de\nSalud ha reiterado el llamado al autocuidado, sin embargo, la movilidad no baja\npues son miles de familias que han visto afectados sus fuentes laborales,\ngenerando adem\u00e1s un aumento en enfermedades psicol\u00f3gicas, al temor del\ncontagio, se suma el temor del hambre, la cesant\u00eda y la pobreza.<\/p>\n\n\n\n<p><em>\u201cSe requiere con\nprioridad hagan uso de sus atribuciones y S.E. tenga a bien designar un\n\u201cDelegado Presidencial\u201d, tal como lo representamos en una misiva dirigida al\nPresidente Pi\u00f1era con fecha 07 de octubre del presente a\u00f1o, para nuestra\nregi\u00f3n, el estado de cat\u00e1strofe en el que nos encontramos hace pensar que no\nexiste otra salida, es por ello que tenemos la convicci\u00f3n que un Delegado\nPresidencial, podr\u00e1 contar con las atribuciones necesarias para destrabar\nrecursos, generar acciones que permitan enfrentar la crisis sanitaria y hoy\ntambi\u00e9n la econ\u00f3mica para as\u00ed facilitar el trabajo que han pretendido\nconcretar, hasta el momento sin \u00e9xito, las autoridades regionales.\u201d Dijo\nBianchi <\/em><\/p>\n\n\n\n<p>En ese contexto se\nle permitir\u00e1 concentrarse en hacer efectivas las medidas que se dispongan,\nestando en terreno, analizando la situaci\u00f3n de miles de familias afectadas y\npor cierto Mipymes, evitando mayores da\u00f1os colaterales.<\/p>\n\n\n\n<p><em>\u201cVemos con\npreocupaci\u00f3n la falta de medidas efectivas, y las familias de Magallanes no\npueden esperar m\u00e1s, la situaci\u00f3n sigue siendo grave, la emergencia y urgencia\nde atenci\u00f3n es real por lo que se requiere de su m\u00e1xima atenci\u00f3n con este\nterritorio austral.\u201d <\/em>Concluy\u00f3\nel senador de Magallanes.<\/p>\n","protected":false},"excerpt":{"rendered":"<p>A trav\u00e9s de un oficio despachado desde la mesa del Senado, el senador de magallanes Carlos Bianchi reiter\u00f3 la urgente necesidad que el Gobierno y particular el Presidente Pi\u00f1era acceda&#8230; <a class=\"read-more\" href=\"https:\/\/www.radiopresidenteibanez.cl\/web\/senador-carlos-bianchi-reitero-peticion-urgente-de-un-delegado-presidencial-para-magallanes-ante-catastrofica-situacion-derivada-del-coronavirus\/\">Leer m\u00e1s<\/a><\/p>\n","protected":false},"author":2,"featured_media":14508,"comment_status":"closed","ping_status":"closed","sticky":false,"template":"","format":"standard","meta":{"footnotes":""},"categories":[1],"tags":[],"class_list":["post-16642","post","type-post","status-publish","format-standard","has-post-thumbnail","hentry","category-cronica"],"_links":{"self":[{"href":"https:\/\/www.radiopresidenteibanez.cl\/web\/wp-json\/wp\/v2\/posts\/16642","targetHints":{"allow":["GET"]}}],"collection":[{"href":"https:\/\/www.radiopresidenteibanez.cl\/web\/wp-json\/wp\/v2\/posts"}],"about":[{"href":"https:\/\/www.radiopresidenteibanez.cl\/web\/wp-json\/wp\/v2\/types\/post"}],"author":[{"embeddable":true,"href":"https:\/\/www.radiopresidenteibanez.cl\/web\/wp-json\/wp\/v2\/users\/2"}],"replies":[{"embeddable":true,"href":"https:\/\/www.radiopresidenteibanez.cl\/web\/wp-json\/wp\/v2\/comments?post=16642"}],"version-history":[{"count":0,"href":"https:\/\/www.radiopresidenteibanez.cl\/web\/wp-json\/wp\/v2\/posts\/16642\/revisions"}],"wp:featuredmedia":[{"embeddable":true,"href":"https:\/\/www.radiopresidenteibanez.cl\/web\/wp-json\/wp\/v2\/media\/14508"}],"wp:attachment":[{"href":"https:\/\/www.radiopresidenteibanez.cl\/web\/wp-json\/wp\/v2\/media?parent=16642"}],"wp:term":[{"taxonomy":"category","embeddable":true,"href":"https:\/\/www.radiopresidenteibanez.cl\/web\/wp-json\/wp\/v2\/categories?post=16642"},{"taxonomy":"post_tag","embeddable":true,"href":"https:\/\/www.radiopresidenteibanez.cl\/web\/wp-json\/wp\/v2\/tags?post=16642"}],"curies":[{"name":"wp","href":"https:\/\/api.w.org\/{rel}","templated":true}]}}