{"id":16631,"date":"2020-12-04T02:30:00","date_gmt":"2020-12-04T02:30:00","guid":{"rendered":"https:\/\/www.radiopresidenteibanez.cl\/web\/?p=16631"},"modified":"2020-12-03T14:45:19","modified_gmt":"2020-12-03T14:45:19","slug":"seremi-de-desarrollo-social-y-familia-lanza-programa-concursable-sobre-autoprovision-de-alimentos","status":"publish","type":"post","link":"https:\/\/www.radiopresidenteibanez.cl\/web\/seremi-de-desarrollo-social-y-familia-lanza-programa-concursable-sobre-autoprovision-de-alimentos\/","title":{"rendered":"SEREMI DE DESARROLLO SOCIAL Y FAMILIA LANZA PROGRAMA CONCURSABLE SOBRE AUTOPROVISI\u00d3N DE ALIMENTOS"},"content":{"rendered":"\n<p>El Ministerio de Desarrollo Social y Familia, a trav\u00e9s de su Divisi\u00f3n de Promoci\u00f3n y Protecci\u00f3n Social, convoca cada a\u00f1o a instituciones privadas sin fines de lucro, instituciones p\u00fablicas y organismos del Gobierno&nbsp;que tengan presencia regional, provincial o comunal&nbsp;para la ejecuci\u00f3n del Programa Autoconsumo en Punta Arenas.<\/p>\n\n\n\n<p>El programa que destina para Magallanes un total de $16.200.000 tiene por objetivo contribuir a financiar iniciativas destinadas a aumentar la disponibilidad de alimentos saludables en la poblaci\u00f3n, mediante la educaci\u00f3n y la autoprovisi\u00f3n, para as\u00ed complementar las necesidades alimentarias y mejorar las condiciones de vida de nuestra ciudadan\u00eda.<\/p>\n\n\n\n<p>La Seremi de Desarrollo Social y Familia, Liz Casanueva, se\u00f1al\u00f3 que \u201cpara muchas familias y comunidades la agricultura urbana permite ahorrar dinero y darle un nuevo giro al encierro en esta pandemia. Invitamos a todas las instituciones p\u00fablicas y privadas de Magallanes a postular hasta el 9 de diciembre a este programa, que busca favorecer el desarrollo y fortalecimiento de conocimientos, actitudes y pr\u00e1cticas que promuevan h\u00e1bitos de alimentaci\u00f3n y estilos de vida saludables\u201d.<\/p>\n\n\n\n<p>A este programa no se postula. Los usuarios del Subsistema Chile Seguridades y Oportunidades del Ministerio de Desarrollo Social que resulten priorizados ser\u00e1n contactados por el equipo ejecutor del programa.<\/p>\n\n\n\n<p>La postulaci\u00f3n a esta convocatoria, as\u00ed como la fase de evaluaci\u00f3n y aprobaci\u00f3n, y dem\u00e1s actos administrativos tendientes a formalizar los convenios de transferencia para la ejecuci\u00f3n del proyecto, ser\u00e1n en l\u00ednea a trav\u00e9s de la plataforma del Sistema de Gesti\u00f3n de Convenios \u2013 SIGEC \u2013 del Ministerio de Desarrollo Social y Familia.<\/p>\n\n\n\n<p>El plazo para postular es hasta el d\u00eda mi\u00e9rcoles 9 de diciembre de este a\u00f1o, a las 12:00 horas. En el sitio web del Ministerio de Desarrollo Social y Familia (<a href=\"https:\/\/bit.ly\/33BZG2e\" target=\"_blank\" rel=\"noreferrer noopener\">https:\/\/bit.ly\/33BZG2e<\/a>) se encuentran las bases de postulaci\u00f3n y todos los anexos necesarios para el concurso.<\/p>\n","protected":false},"excerpt":{"rendered":"<p>El Ministerio de Desarrollo Social y Familia, a trav\u00e9s de su Divisi\u00f3n de Promoci\u00f3n y Protecci\u00f3n Social, convoca cada a\u00f1o a instituciones privadas sin fines de lucro, instituciones p\u00fablicas y&#8230; <a class=\"read-more\" href=\"https:\/\/www.radiopresidenteibanez.cl\/web\/seremi-de-desarrollo-social-y-familia-lanza-programa-concursable-sobre-autoprovision-de-alimentos\/\">Leer m\u00e1s<\/a><\/p>\n","protected":false},"author":2,"featured_media":16632,"comment_status":"closed","ping_status":"closed","sticky":false,"template":"","format":"standard","meta":{"footnotes":""},"categories":[1],"tags":[],"class_list":["post-16631","post","type-post","status-publish","format-standard","has-post-thumbnail","hentry","category-cronica"],"_links":{"self":[{"href":"https:\/\/www.radiopresidenteibanez.cl\/web\/wp-json\/wp\/v2\/posts\/16631","targetHints":{"allow":["GET"]}}],"collection":[{"href":"https:\/\/www.radiopresidenteibanez.cl\/web\/wp-json\/wp\/v2\/posts"}],"about":[{"href":"https:\/\/www.radiopresidenteibanez.cl\/web\/wp-json\/wp\/v2\/types\/post"}],"author":[{"embeddable":true,"href":"https:\/\/www.radiopresidenteibanez.cl\/web\/wp-json\/wp\/v2\/users\/2"}],"replies":[{"embeddable":true,"href":"https:\/\/www.radiopresidenteibanez.cl\/web\/wp-json\/wp\/v2\/comments?post=16631"}],"version-history":[{"count":0,"href":"https:\/\/www.radiopresidenteibanez.cl\/web\/wp-json\/wp\/v2\/posts\/16631\/revisions"}],"wp:featuredmedia":[{"embeddable":true,"href":"https:\/\/www.radiopresidenteibanez.cl\/web\/wp-json\/wp\/v2\/media\/16632"}],"wp:attachment":[{"href":"https:\/\/www.radiopresidenteibanez.cl\/web\/wp-json\/wp\/v2\/media?parent=16631"}],"wp:term":[{"taxonomy":"category","embeddable":true,"href":"https:\/\/www.radiopresidenteibanez.cl\/web\/wp-json\/wp\/v2\/categories?post=16631"},{"taxonomy":"post_tag","embeddable":true,"href":"https:\/\/www.radiopresidenteibanez.cl\/web\/wp-json\/wp\/v2\/tags?post=16631"}],"curies":[{"name":"wp","href":"https:\/\/api.w.org\/{rel}","templated":true}]}}