{"id":16625,"date":"2020-12-04T02:00:00","date_gmt":"2020-12-04T02:00:00","guid":{"rendered":"https:\/\/www.radiopresidenteibanez.cl\/web\/?p=16625"},"modified":"2020-12-03T14:39:58","modified_gmt":"2020-12-03T14:39:58","slug":"alertan-por-danos-a-arboles-del-barrio-croata","status":"publish","type":"post","link":"https:\/\/www.radiopresidenteibanez.cl\/web\/alertan-por-danos-a-arboles-del-barrio-croata\/","title":{"rendered":"ALERTAN POR DA\u00d1OS A \u00c1RBOLES DEL BARRIO CROATA"},"content":{"rendered":"\n<p>Vecinos y vecinas del Barrio Croata alertaron por da\u00f1os ocasionados a los \u00e1rboles del sector, en el marco de las obras de mejoramiento y reposici\u00f3n de veredas que por estos d\u00edas desarrolla la constructora SALFA S.A., gracias a un proyecto licitado por $5.098.850.816, que fue financiado con cargo al Fondo Nacional de Desarrollo Regional y cuyos detalles se exponen en el decreto alcaldicio N\u00b0 822, del 20 de abril de este a\u00f1o.<\/p>\n\n\n\n<p>El Movimiento Ciudadano Pro Verde, constat\u00f3 en terreno esta anomal\u00eda, detectando que no se trata de un hecho aislado, ya que una gran cantidad de \u00e1rboles presentan da\u00f1os en sus cortezas. Lo que es m\u00e1s grave, hay veredas completas que exponen la situaci\u00f3n de ra\u00edces que quedaron al descubierto y en el peor de los casos, la ca\u00edda de un individuo arb\u00f3reo en calle Angamos, como resultado de los trabajos.<\/p>\n\n\n\n<p>Ante ello, el vocero del Movimiento Ciudadano Pro-Verde, Otto Gesell Yasic indic\u00f3: \u201c<strong><em>Es lamentable que un proyecto que pretende mejorar el barrio atente contra el trabajo y dedicaci\u00f3n que tantos vecinos y vecinas han tenido durante d\u00e9cadas por sus \u00e1reas verdes. Hace algunas semanas la mesa t\u00e9cnica ciudadana entreg\u00f3 propuestas de cuidado para los \u00e1rboles, las que como hemos evidenciado, no est\u00e1n siendo cumplidas, aisl\u00e1ndolos&nbsp;con cemento y destruyendo sus ra\u00edces<\/em><\/strong>\u201d.<\/p>\n\n\n\n<p>Esta problem\u00e1tica, fue planteada ayer, por el concejal Arturo D\u00edaz,&nbsp; en la Sesi\u00f3n Ordinaria N\u00b0 151 del Concejo Municipal de Punta Arenas, quien afirm\u00f3 que las obras han ocasionado el destrozo de \u00e1rboles, por cuanto plante\u00f3 la siguiente interrogante: \u201c<strong><em>Quiero saber c\u00f3mo nosotros, como municipio, podemos orientar esto, en el sentido que haya m\u00e1s cuidado con las escasas \u00e1reas verdes que ya tenemos en nuestra comuna<\/em><\/strong>\u201d. Asimismo indic\u00f3 que con anterioridad ya se ha discutido sobre lo que sucedi\u00f3 con avenida Col\u00f3n, donde se cambi\u00f3 el verde por cemento, puntualizando que si bien es importante progresar, en cuanto a v\u00edas peatonales, el da\u00f1o es extenso e incluso se han generado conflictos entre personas que viven en el sector y quienes realizan las obras. Finalmente solicit\u00f3, oficiar a la empresa SALFA para solucionar esta situaci\u00f3n.<\/p>\n\n\n\n<p>Por su parte, la concejala Ver\u00f3nica Aguilar, se\u00f1al\u00f3: \u201c<strong><em>El progreso de nuestra comuna no puede ir en desmedro de nuestras \u00e1reas verdes y eso lo hemos visto, precisamente, en la Mesa t\u00e9cnica de \u00e1rboles que se instal\u00f3 en la Municipalidad de Punta Arenas. Estuvimos tres meses estudiando esto. Por tanto aqu\u00ed se hace a\u00fan mayor la necesidad de contar con nuestra ordenanza sobre el cuidado, manejo y protecci\u00f3n de nuestras especies arb\u00f3reas<\/em><\/strong>\u201d, en tanto record\u00f3 que este tipo de proyectos fueron aprobados con anterioridad a la instauraci\u00f3n de dicha mesa, por cuanto es necesario desde ahora marcar una diferencia en la materia.<\/p>\n\n\n\n<p>Finalmente, el concejal Alejandro Soler, propuso realizar una visita en terreno la pr\u00f3xima semana, para constatar lo que est\u00e1 ocurriendo en la pr\u00e1ctica del proyecto Mejoramiento y reposici\u00f3n de veredas del Barrio Croata.<\/p>\n","protected":false},"excerpt":{"rendered":"<p>Vecinos y vecinas del Barrio Croata alertaron por da\u00f1os ocasionados a los \u00e1rboles del sector, en el marco de las obras de mejoramiento y reposici\u00f3n de veredas que por estos&#8230; <a class=\"read-more\" href=\"https:\/\/www.radiopresidenteibanez.cl\/web\/alertan-por-danos-a-arboles-del-barrio-croata\/\">Leer m\u00e1s<\/a><\/p>\n","protected":false},"author":2,"featured_media":16626,"comment_status":"closed","ping_status":"closed","sticky":false,"template":"","format":"standard","meta":{"footnotes":""},"categories":[1],"tags":[],"class_list":["post-16625","post","type-post","status-publish","format-standard","has-post-thumbnail","hentry","category-cronica"],"_links":{"self":[{"href":"https:\/\/www.radiopresidenteibanez.cl\/web\/wp-json\/wp\/v2\/posts\/16625","targetHints":{"allow":["GET"]}}],"collection":[{"href":"https:\/\/www.radiopresidenteibanez.cl\/web\/wp-json\/wp\/v2\/posts"}],"about":[{"href":"https:\/\/www.radiopresidenteibanez.cl\/web\/wp-json\/wp\/v2\/types\/post"}],"author":[{"embeddable":true,"href":"https:\/\/www.radiopresidenteibanez.cl\/web\/wp-json\/wp\/v2\/users\/2"}],"replies":[{"embeddable":true,"href":"https:\/\/www.radiopresidenteibanez.cl\/web\/wp-json\/wp\/v2\/comments?post=16625"}],"version-history":[{"count":0,"href":"https:\/\/www.radiopresidenteibanez.cl\/web\/wp-json\/wp\/v2\/posts\/16625\/revisions"}],"wp:featuredmedia":[{"embeddable":true,"href":"https:\/\/www.radiopresidenteibanez.cl\/web\/wp-json\/wp\/v2\/media\/16626"}],"wp:attachment":[{"href":"https:\/\/www.radiopresidenteibanez.cl\/web\/wp-json\/wp\/v2\/media?parent=16625"}],"wp:term":[{"taxonomy":"category","embeddable":true,"href":"https:\/\/www.radiopresidenteibanez.cl\/web\/wp-json\/wp\/v2\/categories?post=16625"},{"taxonomy":"post_tag","embeddable":true,"href":"https:\/\/www.radiopresidenteibanez.cl\/web\/wp-json\/wp\/v2\/tags?post=16625"}],"curies":[{"name":"wp","href":"https:\/\/api.w.org\/{rel}","templated":true}]}}