{"id":16617,"date":"2020-12-03T14:32:12","date_gmt":"2020-12-03T14:32:12","guid":{"rendered":"https:\/\/www.radiopresidenteibanez.cl\/web\/?p=16617"},"modified":"2020-12-03T14:32:18","modified_gmt":"2020-12-03T14:32:18","slug":"sujeto-fue-condenado-por-agredir-sexualmente-a-nina-de-8-anos","status":"publish","type":"post","link":"https:\/\/www.radiopresidenteibanez.cl\/web\/sujeto-fue-condenado-por-agredir-sexualmente-a-nina-de-8-anos\/","title":{"rendered":"SUJETO FUE CONDENADO POR AGREDIR SEXUALMENTE A NI\u00d1A DE 8 A\u00d1OS"},"content":{"rendered":"\n<p>Un hombre\nidentificado con las iniciales J.A.A.V fue condenado hoy,como autor de un delito de abuso sexual en contra de una menor de\nedad.<\/p>\n\n\n\n<p>Durante el juicio el\nFiscal Jefe de Punta Arenas, Fernando Dobson Soto, acredit\u00f3 que en fechas indeterminadas pero comprendidas en\nel transcurso de los a\u00f1os 2015 a 2016 la ni\u00f1a de 8 a\u00f1os de edad a la \u00e9poca, fue\nabordada por el sujeto quien le realiz\u00f3 tocamientos de significaci\u00f3n sexual.<\/p>\n\n\n\n<p>La audiencia\nde lectura del fallo se llevar\u00e1 a cabo el d\u00eda lunes 7 de diciembre las 13:00\nhoras, v\u00eda remota.<\/p>\n","protected":false},"excerpt":{"rendered":"<p>Un hombre identificado con las iniciales J.A.A.V fue condenado hoy,como autor de un delito de abuso sexual en contra de una menor de edad. Durante el juicio el Fiscal Jefe&#8230; <a class=\"read-more\" href=\"https:\/\/www.radiopresidenteibanez.cl\/web\/sujeto-fue-condenado-por-agredir-sexualmente-a-nina-de-8-anos\/\">Leer m\u00e1s<\/a><\/p>\n","protected":false},"author":2,"featured_media":740,"comment_status":"closed","ping_status":"closed","sticky":false,"template":"","format":"standard","meta":{"footnotes":""},"categories":[1],"tags":[],"class_list":["post-16617","post","type-post","status-publish","format-standard","has-post-thumbnail","hentry","category-cronica"],"_links":{"self":[{"href":"https:\/\/www.radiopresidenteibanez.cl\/web\/wp-json\/wp\/v2\/posts\/16617","targetHints":{"allow":["GET"]}}],"collection":[{"href":"https:\/\/www.radiopresidenteibanez.cl\/web\/wp-json\/wp\/v2\/posts"}],"about":[{"href":"https:\/\/www.radiopresidenteibanez.cl\/web\/wp-json\/wp\/v2\/types\/post"}],"author":[{"embeddable":true,"href":"https:\/\/www.radiopresidenteibanez.cl\/web\/wp-json\/wp\/v2\/users\/2"}],"replies":[{"embeddable":true,"href":"https:\/\/www.radiopresidenteibanez.cl\/web\/wp-json\/wp\/v2\/comments?post=16617"}],"version-history":[{"count":0,"href":"https:\/\/www.radiopresidenteibanez.cl\/web\/wp-json\/wp\/v2\/posts\/16617\/revisions"}],"wp:featuredmedia":[{"embeddable":true,"href":"https:\/\/www.radiopresidenteibanez.cl\/web\/wp-json\/wp\/v2\/media\/740"}],"wp:attachment":[{"href":"https:\/\/www.radiopresidenteibanez.cl\/web\/wp-json\/wp\/v2\/media?parent=16617"}],"wp:term":[{"taxonomy":"category","embeddable":true,"href":"https:\/\/www.radiopresidenteibanez.cl\/web\/wp-json\/wp\/v2\/categories?post=16617"},{"taxonomy":"post_tag","embeddable":true,"href":"https:\/\/www.radiopresidenteibanez.cl\/web\/wp-json\/wp\/v2\/tags?post=16617"}],"curies":[{"name":"wp","href":"https:\/\/api.w.org\/{rel}","templated":true}]}}