{"id":16615,"date":"2020-12-03T14:28:27","date_gmt":"2020-12-03T14:28:27","guid":{"rendered":"https:\/\/www.radiopresidenteibanez.cl\/web\/?p=16615"},"modified":"2020-12-03T14:28:32","modified_gmt":"2020-12-03T14:28:32","slug":"la-municipalidad-de-porvenir-retomo-la-atencion-presencial-para-atender-la-demanda-de-los-vecinos-por-ayuda-social","status":"publish","type":"post","link":"https:\/\/www.radiopresidenteibanez.cl\/web\/la-municipalidad-de-porvenir-retomo-la-atencion-presencial-para-atender-la-demanda-de-los-vecinos-por-ayuda-social\/","title":{"rendered":"LA MUNICIPALIDAD DE PORVENIR RETOM\u00d3 LA ATENCI\u00d3N PRESENCIAL PARA ATENDER LA DEMANDA DE LOS VECINOS POR AYUDA SOCIAL"},"content":{"rendered":"\n<p>En la sala de uso m\u00faltiple de porvenir,\nla municipalidad fueguina retom\u00f3 la atenci\u00f3n presencial para los vecinos que\nnecesitan alg\u00fan tipo de asistencia social. El reciente avance en nuestra ciudad\na la etapa dos del plan paso a paso, permiti\u00f3 habilitar esta forma de trabajo.<\/p>\n\n\n\n<p>Al respecto la Alcaldesa de Porvenir,\nMarisol Andrade C\u00e1rdenas, dijo que \u201cestamos trabajando en la sala de uso\nm\u00faltiple el cual cuenta con un espacio mayor y por lo tanto la atenci\u00f3n es los\nd\u00edas lunes, mi\u00e9rcoles y viernes de 8 a 13 horas y es muy apreciado por la\ncomunidad, porque los vecinos necesitan realizar una variada&nbsp; gama de tr\u00e1mites y l\u00f3gicamente que a veces\npor tel\u00e9fono se dificulta o se demora &nbsp;un\npoco el tramite y por consecuencia con est\u00e1 atenci\u00f3n presencial ellos tienen la\ntranquilidad de que el tr\u00e1mite es hecho en forma instant\u00e1nea y adem\u00e1s siempre\nes bueno el cara a cara, porque de alguna manera es s\u00faper importante tanto para\nlos vecinos como para nosotros\u201d.<\/p>\n\n\n\n<p>En el lugar se mantiene la distancia\nsocial y se toman las precauciones para evitar contagios, los vecinos acuden\nprincipalmente a solicitar canastas de alimentos entre otros tramites.<\/p>\n\n\n\n<p>\u201cLa entrega de canastas de alimentos a\nla comunidad, se realiza a trav\u00e9s de dos modalidades, una de ellas tiene que\nver con la entrega a domicilio en la cual realizamos de manera focalizada la\nentrega de estos insumos a los adultos mayores, pero tambi\u00e9n las personas m\u00e1s\nj\u00f3venes pueden concurrir a este lugar para retirar las cajas de alimentos\u201d\nmanifest\u00f3 el director de la Dideco Ricardo Rozas Palma.<\/p>\n\n\n\n<p>A las ayudas antes mencionadas, se\nsuman tambi\u00e9n los tr\u00e1mites de pago de boletas de consumos b\u00e1sicos, apoyo con\npa\u00f1ales para ni\u00f1os y para adultos mayores, entre otras ayudas espec\u00edficas que\ndepende de la calificaci\u00f3n familiar y la situaci\u00f3n espec\u00edfica que cada persona\npueda requerir.<\/p>\n\n\n\n<p>El municipio fueguino, inform\u00f3 que se\nmantiene operativa la atenci\u00f3n telef\u00f3nica y por correo electr\u00f3nico para otros\ntr\u00e1mites que demanda la comunidad, los datos de contacto est\u00e1n publicados en la\np\u00e1gina en internet de la Municipalidad de porvenir <\/p>\n","protected":false},"excerpt":{"rendered":"<p>En la sala de uso m\u00faltiple de porvenir, la municipalidad fueguina retom\u00f3 la atenci\u00f3n presencial para los vecinos que necesitan alg\u00fan tipo de asistencia social. El reciente avance en nuestra&#8230; <a class=\"read-more\" href=\"https:\/\/www.radiopresidenteibanez.cl\/web\/la-municipalidad-de-porvenir-retomo-la-atencion-presencial-para-atender-la-demanda-de-los-vecinos-por-ayuda-social\/\">Leer m\u00e1s<\/a><\/p>\n","protected":false},"author":2,"featured_media":4261,"comment_status":"closed","ping_status":"closed","sticky":false,"template":"","format":"standard","meta":{"footnotes":""},"categories":[1],"tags":[],"class_list":["post-16615","post","type-post","status-publish","format-standard","has-post-thumbnail","hentry","category-cronica"],"_links":{"self":[{"href":"https:\/\/www.radiopresidenteibanez.cl\/web\/wp-json\/wp\/v2\/posts\/16615","targetHints":{"allow":["GET"]}}],"collection":[{"href":"https:\/\/www.radiopresidenteibanez.cl\/web\/wp-json\/wp\/v2\/posts"}],"about":[{"href":"https:\/\/www.radiopresidenteibanez.cl\/web\/wp-json\/wp\/v2\/types\/post"}],"author":[{"embeddable":true,"href":"https:\/\/www.radiopresidenteibanez.cl\/web\/wp-json\/wp\/v2\/users\/2"}],"replies":[{"embeddable":true,"href":"https:\/\/www.radiopresidenteibanez.cl\/web\/wp-json\/wp\/v2\/comments?post=16615"}],"version-history":[{"count":0,"href":"https:\/\/www.radiopresidenteibanez.cl\/web\/wp-json\/wp\/v2\/posts\/16615\/revisions"}],"wp:featuredmedia":[{"embeddable":true,"href":"https:\/\/www.radiopresidenteibanez.cl\/web\/wp-json\/wp\/v2\/media\/4261"}],"wp:attachment":[{"href":"https:\/\/www.radiopresidenteibanez.cl\/web\/wp-json\/wp\/v2\/media?parent=16615"}],"wp:term":[{"taxonomy":"category","embeddable":true,"href":"https:\/\/www.radiopresidenteibanez.cl\/web\/wp-json\/wp\/v2\/categories?post=16615"},{"taxonomy":"post_tag","embeddable":true,"href":"https:\/\/www.radiopresidenteibanez.cl\/web\/wp-json\/wp\/v2\/tags?post=16615"}],"curies":[{"name":"wp","href":"https:\/\/api.w.org\/{rel}","templated":true}]}}