{"id":16606,"date":"2020-12-03T14:16:39","date_gmt":"2020-12-03T14:16:39","guid":{"rendered":"https:\/\/www.radiopresidenteibanez.cl\/web\/?p=16606"},"modified":"2020-12-03T14:16:46","modified_gmt":"2020-12-03T14:16:46","slug":"con-capsula-educativa-y-seminario-virtual-municipio-de-punta-arenas-conmemorara-el-dia-internacional-de-las-personas-con-discapacidad","status":"publish","type":"post","link":"https:\/\/www.radiopresidenteibanez.cl\/web\/con-capsula-educativa-y-seminario-virtual-municipio-de-punta-arenas-conmemorara-el-dia-internacional-de-las-personas-con-discapacidad\/","title":{"rendered":"CON C\u00c1PSULA EDUCATIVA Y SEMINARIO VIRTUAL, MUNICIPIO DE PUNTA ARENAS CONMEMORAR\u00c1 EL D\u00cdA INTERNACIONAL DE LAS PERSONAS CON DISCAPACIDAD"},"content":{"rendered":"\n<p>Una c\u00e1psula virtual sobre el correcto uso del lenguaje\ninclusivo ser\u00e1 transmitida a trav\u00e9s de las Redes Sociales de la Municipalidad\nde Punta Arenas, con motivo de una nueva conmemoraci\u00f3n del D\u00eda Internacional de\nlas personas con Discapacidad, que se lleva a cabo cada 3 de diciembre.<\/p>\n\n\n\n<p>La iniciativa busca colaborar en educar respecto a los\nt\u00e9rminos que se utilizan para referirse correctamente a las personas en\nsituaci\u00f3n de discapacidad.<\/p>\n\n\n\n<p>Junto con lo anterior, se realizar\u00e1 el seminario virtual\n\u201cSalud Mental y Pandemia\u201d, organizado en conjunto con estudiantes de la carrera\nde terapia ocupacional de la Universidad de Magallanes, y dirigido a personas\ncon discapacidad, sus cuidadores y entorno familiar.<\/p>\n\n\n\n<p>\u201cSabemos que este periodo de pandemia no ha sido f\u00e1cil y\nsobre todo para las personas que adem\u00e1s deben superar alguna condici\u00f3n de\ndiscapacidad. Es por ello que este a\u00f1o hemos querido prestar un apoyo y en el\nmarco de la conmemoraci\u00f3n del D\u00eda Internacional de las personas con\nDiscapacidad, organizamos este seminario que busca entregar herramientas para\npoder sobrellevar la sobrecarga que han enfrentado, tanto las personas en\nsituaci\u00f3n de discapacidad, como sus cuidadores y familiares\u201d, afirm\u00f3 la\ndirectora de Desarrollo Comunitario, Elena Blackwood.<\/p>\n\n\n\n<p>En la oportunidad se abordar\u00e1 la compleja situaci\u00f3n que ha\ngenerado la pandemia del Covid-19, donde la angustia, preocupaci\u00f3n y ansiedad\nhan estado presentes en los entornos familiares, alterando las formas\nhabituales de convivir en comunidad. En este contexto, se entregar\u00e1n\nherramientas de salud mental para poder hacer m\u00e1s llevadera esta situaci\u00f3n.<\/p>\n\n\n\n<p>El seminario se realizar\u00e1 el jueves 3 de diciembre a las 11\nhoras, a trav\u00e9s de la plataforma meet. Quienes quieran inscribirse, pueden\nenviar un correo a programa.discapacidad@e-puntaarenas.cl solicitando el enlace\nrespectivo.&nbsp;&nbsp; <\/p>\n","protected":false},"excerpt":{"rendered":"<p>Una c\u00e1psula virtual sobre el correcto uso del lenguaje inclusivo ser\u00e1 transmitida a trav\u00e9s de las Redes Sociales de la Municipalidad de Punta Arenas, con motivo de una nueva conmemoraci\u00f3n&#8230; <a class=\"read-more\" href=\"https:\/\/www.radiopresidenteibanez.cl\/web\/con-capsula-educativa-y-seminario-virtual-municipio-de-punta-arenas-conmemorara-el-dia-internacional-de-las-personas-con-discapacidad\/\">Leer m\u00e1s<\/a><\/p>\n","protected":false},"author":2,"featured_media":16607,"comment_status":"closed","ping_status":"closed","sticky":false,"template":"","format":"standard","meta":{"footnotes":""},"categories":[1],"tags":[],"class_list":["post-16606","post","type-post","status-publish","format-standard","has-post-thumbnail","hentry","category-cronica"],"_links":{"self":[{"href":"https:\/\/www.radiopresidenteibanez.cl\/web\/wp-json\/wp\/v2\/posts\/16606","targetHints":{"allow":["GET"]}}],"collection":[{"href":"https:\/\/www.radiopresidenteibanez.cl\/web\/wp-json\/wp\/v2\/posts"}],"about":[{"href":"https:\/\/www.radiopresidenteibanez.cl\/web\/wp-json\/wp\/v2\/types\/post"}],"author":[{"embeddable":true,"href":"https:\/\/www.radiopresidenteibanez.cl\/web\/wp-json\/wp\/v2\/users\/2"}],"replies":[{"embeddable":true,"href":"https:\/\/www.radiopresidenteibanez.cl\/web\/wp-json\/wp\/v2\/comments?post=16606"}],"version-history":[{"count":0,"href":"https:\/\/www.radiopresidenteibanez.cl\/web\/wp-json\/wp\/v2\/posts\/16606\/revisions"}],"wp:featuredmedia":[{"embeddable":true,"href":"https:\/\/www.radiopresidenteibanez.cl\/web\/wp-json\/wp\/v2\/media\/16607"}],"wp:attachment":[{"href":"https:\/\/www.radiopresidenteibanez.cl\/web\/wp-json\/wp\/v2\/media?parent=16606"}],"wp:term":[{"taxonomy":"category","embeddable":true,"href":"https:\/\/www.radiopresidenteibanez.cl\/web\/wp-json\/wp\/v2\/categories?post=16606"},{"taxonomy":"post_tag","embeddable":true,"href":"https:\/\/www.radiopresidenteibanez.cl\/web\/wp-json\/wp\/v2\/tags?post=16606"}],"curies":[{"name":"wp","href":"https:\/\/api.w.org\/{rel}","templated":true}]}}